{"id":464050,"date":"2026-04-06T11:12:46","date_gmt":"2026-04-06T15:12:46","guid":{"rendered":"https:\/\/primermomento.com\/?p=464050"},"modified":"2026-04-06T17:59:58","modified_gmt":"2026-04-06T21:59:58","slug":"asocian-tabaquismo-prenatal-con-problemas-de-salud-mental-en-ninos","status":"publish","type":"post","link":"https:\/\/primermomento.com\/?p=464050","title":{"rendered":"Asocian tabaquismo prenatal con problemas de salud mental en ni\u00f1os"},"content":{"rendered":"<p><strong><em>Por <span style=\"color: #ff0000;\">Prensa Latina<\/span><\/em><\/strong><\/p>\n<p>Washington, EEUU.- Los ni\u00f1os expuestos al tabaquismo materno antes del nacimiento tienen mayor probabilidad de experimentar problemas de conducta y salud mental, mostr\u00f3 un estudio publicado en la revista Development and Psychopathology.<\/p>\n<div class=\"elementor-element elementor-element-0aea3a0 elementor-widget elementor-widget-theme-post-content\" data-id=\"0aea3a0\" data-element_type=\"widget\" data-e-type=\"widget\" data-widget_type=\"theme-post-content.default\">\n<div class=\"elementor-widget-container\">\n<p>Investigadores analizaron datos de 16 mil 335 ni\u00f1os de entre uno y 18 a\u00f1os en Estados Unidos, en tanto las evaluaciones conductuales midieron los s\u00edntomas emocionales y de comportamiento mediante cuestionarios estandarizados.<\/p>\n<p>Si bien pesquisas previas hab\u00edan vinculado el tabaquismo prenatal con conductas disruptivas o transgresiones de las normas, no estaba claro si fumar durante el embarazo tambi\u00e9n afectaba la salud mental en general ni si los efectos difer\u00edan seg\u00fan el sexo.<\/p>\n<p>Entre los hallazgos del estudio resalt\u00f3 que los ni\u00f1os expuestos al tabaquismo prenatal ten\u00edan mayor probabilidad de presentar m\u00faltiples s\u00edntomas de salud mental o conductuales simult\u00e1neamente.<\/p>\n<p>Los efectos m\u00e1s significativos se observaron en la primera infancia (menores de siete a\u00f1os) y al inicio de la pubertad (entre los nueve y los 12 a\u00f1os).<\/p>\n<p>Adem\u00e1s, se concluy\u00f3 que ambos sexos se vieron afectados de manera comparable, con niveles de s\u00edntomas ligeramente m\u00e1s altos en los ni\u00f1os solo entre los 13 y los 14 a\u00f1os.<\/p>\n<\/div>\n<\/div>\n<div class=\"elementor-element elementor-element-4f75016 elementor-widget elementor-widget-post-info\" data-id=\"4f75016\" data-element_type=\"widget\" data-e-type=\"widget\" data-widget_type=\"post-info.default\">\n<div class=\"elementor-widget-container\">\n<ul class=\"elementor-inline-items elementor-icon-list-items elementor-post-info\">\n<li class=\"elementor-icon-list-item elementor-repeater-item-17dda3e elementor-inline-item\"><em><span class=\"elementor-icon-list-text elementor-post-info__item elementor-post-info__item--type-custom\">#<a href=\"https:\/\/primermomento.com\/?p=464050\" rel=\"tag\">salud<\/a>\u00a0#<a href=\"https:\/\/primermomento.com\/?p=464050\" rel=\"tag\">tabaquismo<\/a><\/span><\/em><\/li>\n<\/ul>\n<\/div>\n<\/div>\n","protected":false},"excerpt":{"rendered":"<p>Por Prensa Latina Washington, EEUU.- Los ni\u00f1os expuestos al tabaquismo materno antes del nacimiento tienen mayor probabilidad de experimentar problemas de conducta y salud mental, mostr\u00f3 un estudio publicado en la revista Development and Psychopathology. Investigadores analizaron datos de 16 mil 335 ni\u00f1os de entre uno y 18 a\u00f1os en Estados Unidos, en tanto las [&hellip;]<\/p>\n","protected":false},"author":1,"featured_media":292959,"comment_status":"open","ping_status":"open","sticky":false,"template":"","format":"standard","meta":{"_bbp_topic_count":0,"_bbp_reply_count":0,"_bbp_total_topic_count":0,"_bbp_total_reply_count":0,"_bbp_voice_count":0,"_bbp_anonymous_reply_count":0,"_bbp_topic_count_hidden":0,"_bbp_reply_count_hidden":0,"_bbp_forum_subforum_count":0,"footnotes":""},"categories":[36],"tags":[],"class_list":{"0":"post-464050","1":"post","2":"type-post","3":"status-publish","4":"format-standard","5":"has-post-thumbnail","7":"category-salud"},"_links":{"self":[{"href":"https:\/\/primermomento.com\/index.php?rest_route=\/wp\/v2\/posts\/464050","targetHints":{"allow":["GET"]}}],"collection":[{"href":"https:\/\/primermomento.com\/index.php?rest_route=\/wp\/v2\/posts"}],"about":[{"href":"https:\/\/primermomento.com\/index.php?rest_route=\/wp\/v2\/types\/post"}],"author":[{"embeddable":true,"href":"https:\/\/primermomento.com\/index.php?rest_route=\/wp\/v2\/users\/1"}],"replies":[{"embeddable":true,"href":"https:\/\/primermomento.com\/index.php?rest_route=%2Fwp%2Fv2%2Fcomments&post=464050"}],"version-history":[{"count":1,"href":"https:\/\/primermomento.com\/index.php?rest_route=\/wp\/v2\/posts\/464050\/revisions"}],"predecessor-version":[{"id":464051,"href":"https:\/\/primermomento.com\/index.php?rest_route=\/wp\/v2\/posts\/464050\/revisions\/464051"}],"wp:featuredmedia":[{"embeddable":true,"href":"https:\/\/primermomento.com\/index.php?rest_route=\/wp\/v2\/media\/292959"}],"wp:attachment":[{"href":"https:\/\/primermomento.com\/index.php?rest_route=%2Fwp%2Fv2%2Fmedia&parent=464050"}],"wp:term":[{"taxonomy":"category","embeddable":true,"href":"https:\/\/primermomento.com\/index.php?rest_route=%2Fwp%2Fv2%2Fcategories&post=464050"},{"taxonomy":"post_tag","embeddable":true,"href":"https:\/\/primermomento.com\/index.php?rest_route=%2Fwp%2Fv2%2Ftags&post=464050"}],"curies":[{"name":"wp","href":"https:\/\/api.w.org\/{rel}","templated":true}]}}