{"id":464069,"date":"2026-04-07T08:51:02","date_gmt":"2026-04-07T12:51:02","guid":{"rendered":"https:\/\/primermomento.com\/?p=464069"},"modified":"2026-04-07T17:58:22","modified_gmt":"2026-04-07T21:58:22","slug":"escasez-de-jet-fuel-amenaza-viabilidad-del-transporte-aereo-de-carga","status":"publish","type":"post","link":"https:\/\/primermomento.com\/?p=464069","title":{"rendered":"Escasez de jet fuel amenaza viabilidad del transporte a\u00e9reo de carga"},"content":{"rendered":"<p><strong><em>Por <span style=\"color: #ff0000;\">Prensa Latina<\/span><\/em><\/strong><\/p>\n<p>Londres, INGLATERRA.- El transporte a\u00e9reo de carga enfrenta hoy crecientes riesgos ante el alza sostenida del precio y la eventual escasez de combustible de turbina de aviaci\u00f3n (jet fuel) en un contexto marcado por la guerra en Medio Oriente.<\/p>\n<div class=\"elementor-element elementor-element-761416c0 elementor-widget elementor-widget-theme-post-content\" data-id=\"761416c0\" data-element_type=\"widget\" data-e-type=\"widget\" data-widget_type=\"theme-post-content.default\">\n<div class=\"elementor-widget-container\">\n<p>De acuerdo con International Air Transport Association, el combustible para aviaci\u00f3n registr\u00f3 una leve ca\u00edda semanal de 0,9 por ciento al 27 de marzo, situ\u00e1ndose en 195,19 d\u00f3lares por barril, reflej\u00f3 el portal Mundo Mar\u00edtimo.<\/p>\n<p>La cifra representa pr\u00e1cticamente el doble del nivel observado a fines de febrero, con incrementos especialmente pronunciados en Asia y Medio Oriente.<\/p>\n<p>A la presi\u00f3n en precios se suma una creciente preocupaci\u00f3n por la disponibilidad.<\/p>\n<p>Seg\u00fan advirti\u00f3 el proveedor de investigaci\u00f3n de mercado Transport Intelligence (Ti), existe una amenaza real para la viabilidad del transporte a\u00e9reo de carga debido a restricciones emergentes en el acceso al jet fuel.<\/p>\n<p>En ese escenario aerol\u00edneas de Corea del Sur han solicitado limitar exportaciones desde refiner\u00edas locales, mientras que China habr\u00eda implementado prohibiciones parciales.<\/p>\n<p>Por su parte, Indonesia explora acuerdos con Jap\u00f3n para asegurar suministros, en un contexto regional donde tambi\u00e9n se evidencian d\u00e9ficits de gasolina y di\u00e9sel.<\/p>\n<p>Para Europa, si bien el impacto ha sido contenido gracias a suministros provenientes del Mar del Norte, Libia y \u00c1frica Occidental, las se\u00f1ales de tensi\u00f3n comienzan a intensificarse.<\/p>\n<p>El ejecutivo de la aerol\u00ednea irlandesa Ryanair Michael O\u2019Leary advirti\u00f3 que si el conflicto b\u00e9lico contin\u00faa existe el riesgo de interrupciones en el suministro durante mayo y junio, estimando que entre un 10 y 25 por ciento del abastecimiento podr\u00eda verse comprometido.<\/p>\n<p>Una eventual escasez de jet fuel tendr\u00eda efectos significativos en la log\u00edstica global.<\/p>\n<p>De acuerdo con Ti, el mercado de carga a\u00e9rea, que ven\u00eda creciendo a tasas superiores a un 10 por ciento interanual, podr\u00eda revertir su tendencia, con impacto inmediato en los vuelos cargueros y servicios expr\u00e9s, que ser\u00edan los primeros en ser restringidos frente a la priorizaci\u00f3n de operaciones de pasajeros.<\/p>\n<p>Esta situaci\u00f3n, se\u00f1ala, limitar\u00eda el uso del transporte a\u00e9reo como alternativa frente a las disrupciones del transporte mar\u00edtimo derivadas del conflicto en Medio Oriente, particularmente en Asia-Pac\u00edfico, principal mercado global de carga a\u00e9rea.<\/p>\n<\/div>\n<\/div>\n<div class=\"elementor-element elementor-element-249c6ba6 elementor-widget elementor-widget-post-info\" data-id=\"249c6ba6\" data-element_type=\"widget\" data-e-type=\"widget\" data-widget_type=\"post-info.default\">\n<div class=\"elementor-widget-container\">\n<ul class=\"elementor-inline-items elementor-icon-list-items elementor-post-info\">\n<li class=\"elementor-icon-list-item elementor-repeater-item-170494c elementor-inline-item\"><em><span class=\"elementor-icon-list-text elementor-post-info__item elementor-post-info__item--type-custom\">#<a href=\"https:\/\/primermomento.com\/?p=464069\" rel=\"tag\">carga a\u00e9rea<\/a>\u00a0#<a href=\"https:\/\/primermomento.com\/?p=464069\" rel=\"tag\">guerra<\/a>\u00a0#<a href=\"https:\/\/primermomento.com\/?p=464069\" rel=\"tag\">jet fuel<\/a><\/span><\/em><\/li>\n<\/ul>\n<\/div>\n<\/div>\n","protected":false},"excerpt":{"rendered":"<p>Por Prensa Latina Londres, INGLATERRA.- El transporte a\u00e9reo de carga enfrenta hoy crecientes riesgos ante el alza sostenida del precio y la eventual escasez de combustible de turbina de aviaci\u00f3n (jet fuel) en un contexto marcado por la guerra en Medio Oriente. De acuerdo con International Air Transport Association, el combustible para aviaci\u00f3n registr\u00f3 una [&hellip;]<\/p>\n","protected":false},"author":1,"featured_media":464070,"comment_status":"open","ping_status":"open","sticky":false,"template":"","format":"standard","meta":{"_bbp_topic_count":0,"_bbp_reply_count":0,"_bbp_total_topic_count":0,"_bbp_total_reply_count":0,"_bbp_voice_count":0,"_bbp_anonymous_reply_count":0,"_bbp_topic_count_hidden":0,"_bbp_reply_count_hidden":0,"_bbp_forum_subforum_count":0,"footnotes":""},"categories":[35],"tags":[],"class_list":{"0":"post-464069","1":"post","2":"type-post","3":"status-publish","4":"format-standard","5":"has-post-thumbnail","7":"category-economia"},"_links":{"self":[{"href":"https:\/\/primermomento.com\/index.php?rest_route=\/wp\/v2\/posts\/464069","targetHints":{"allow":["GET"]}}],"collection":[{"href":"https:\/\/primermomento.com\/index.php?rest_route=\/wp\/v2\/posts"}],"about":[{"href":"https:\/\/primermomento.com\/index.php?rest_route=\/wp\/v2\/types\/post"}],"author":[{"embeddable":true,"href":"https:\/\/primermomento.com\/index.php?rest_route=\/wp\/v2\/users\/1"}],"replies":[{"embeddable":true,"href":"https:\/\/primermomento.com\/index.php?rest_route=%2Fwp%2Fv2%2Fcomments&post=464069"}],"version-history":[{"count":1,"href":"https:\/\/primermomento.com\/index.php?rest_route=\/wp\/v2\/posts\/464069\/revisions"}],"predecessor-version":[{"id":464071,"href":"https:\/\/primermomento.com\/index.php?rest_route=\/wp\/v2\/posts\/464069\/revisions\/464071"}],"wp:featuredmedia":[{"embeddable":true,"href":"https:\/\/primermomento.com\/index.php?rest_route=\/wp\/v2\/media\/464070"}],"wp:attachment":[{"href":"https:\/\/primermomento.com\/index.php?rest_route=%2Fwp%2Fv2%2Fmedia&parent=464069"}],"wp:term":[{"taxonomy":"category","embeddable":true,"href":"https:\/\/primermomento.com\/index.php?rest_route=%2Fwp%2Fv2%2Fcategories&post=464069"},{"taxonomy":"post_tag","embeddable":true,"href":"https:\/\/primermomento.com\/index.php?rest_route=%2Fwp%2Fv2%2Ftags&post=464069"}],"curies":[{"name":"wp","href":"https:\/\/api.w.org\/{rel}","templated":true}]}}