{"id":464072,"date":"2026-04-07T08:54:32","date_gmt":"2026-04-07T12:54:32","guid":{"rendered":"https:\/\/primermomento.com\/?p=464072"},"modified":"2026-04-07T18:04:40","modified_gmt":"2026-04-07T22:04:40","slug":"millones-de-iranies-se-alistan-como-voluntarios-para-defender-su-pais","status":"publish","type":"post","link":"https:\/\/primermomento.com\/?p=464072","title":{"rendered":"Millones de iran\u00edes se alistan como voluntarios para defender su pa\u00eds"},"content":{"rendered":"<p><iframe loading=\"lazy\" title=\"Ir\u00e1n desaf\u00eda el plazo de EE.UU. para reabrir el estrecho de Ormuz mientras Trump amenaza con ataques\" width=\"696\" height=\"392\" src=\"https:\/\/www.youtube.com\/embed\/KtCsemfbTC0?start=3&#038;feature=oembed\" frameborder=\"0\" allow=\"accelerometer; autoplay; clipboard-write; encrypted-media; gyroscope; picture-in-picture; web-share\" referrerpolicy=\"strict-origin-when-cross-origin\" allowfullscreen><\/iframe><\/p>\n<p><strong><em>Por <span style=\"color: #ff0000;\">Prensa Latina<\/span><\/em><\/strong><\/p>\n<p>Teher\u00e1n, IR\u00c1N.- El presidente de Ir\u00e1n, Masoud Pezeshkian, afirm\u00f3 hoy que m\u00e1s de 14 millones de ciudadanos se han ofrecido como voluntarios para participar en la defensa del pa\u00eds, y expres\u00f3 su disposici\u00f3n personal a sacrificarse por esa causa.<\/p>\n<div class=\"elementor-element elementor-element-0aea3a0 elementor-widget elementor-widget-theme-post-content\" data-id=\"0aea3a0\" data-element_type=\"widget\" data-e-type=\"widget\" data-widget_type=\"theme-post-content.default\">\n<div class=\"elementor-widget-container\">\n<p>En un mensaje divulgado en la red social X, el mandatario subray\u00f3 que no dudar\u00eda en \u201csacrificar su vida\u201d en defensa de la naci\u00f3n.<\/p>\n<figure id=\"attachment_462150\" aria-describedby=\"caption-attachment-462150\" style=\"width: 1024px\" class=\"wp-caption alignnone\"><img loading=\"lazy\" decoding=\"async\" class=\"size-full wp-image-462150\" src=\"https:\/\/primermomento.com\/wp-content\/uploads\/2026\/03\/Masoud-Pezeshkian-1-2.jpg\" alt=\"\" width=\"1024\" height=\"691\" \/><figcaption id=\"caption-attachment-462150\" class=\"wp-caption-text\">Masoud Pezeshkian, presidente de Ir\u00e1n.<\/figcaption><\/figure>\n<p>Pezeshkian revel\u00f3 que millones de iran\u00edes se han inscrito en una iniciativa de voluntariado, aunque no precis\u00f3 detalles sobre su organizaci\u00f3n ni sobre la fecha de su lanzamiento.<\/p>\n<p>Desde el pasado 28 de febrero, Ir\u00e1n enfrenta una escalada de tensiones con Israel y Estados Unidos, en un contexto de enfrentamientos que, seg\u00fan fuentes iran\u00edes, ha dejado miles de muertos y heridos.<\/p>\n<p>En respuesta, Teher\u00e1n ha llevado a cabo ataques con misiles y drones contra territorio israel\u00ed, as\u00ed como contra intereses estadounidenses en varios pa\u00edses de la regi\u00f3n.<\/p>\n<p>Algunos de estos ataques han provocado v\u00edctimas y da\u00f1os en infraestructuras civiles, lo que ha sido condenado por los pa\u00edses afectados.<\/p>\n<\/div>\n<\/div>\n<div class=\"elementor-element elementor-element-4f75016 elementor-widget elementor-widget-post-info\" data-id=\"4f75016\" data-element_type=\"widget\" data-e-type=\"widget\" data-widget_type=\"post-info.default\">\n<div class=\"elementor-widget-container\">\n<ul class=\"elementor-inline-items elementor-icon-list-items elementor-post-info\">\n<li class=\"elementor-icon-list-item elementor-repeater-item-17dda3e elementor-inline-item\"><em><span class=\"elementor-icon-list-text elementor-post-info__item elementor-post-info__item--type-custom\">#<a href=\"https:\/\/primermomento.com\/?p=464072\" rel=\"tag\">guerra<\/a>\u00a0#<a href=\"https:\/\/primermomento.com\/?p=464072\" rel=\"tag\">voluntarios<\/a><\/span><\/em><\/li>\n<\/ul>\n<\/div>\n<\/div>\n","protected":false},"excerpt":{"rendered":"<p>Por Prensa Latina Teher\u00e1n, IR\u00c1N.- El presidente de Ir\u00e1n, Masoud Pezeshkian, afirm\u00f3 hoy que m\u00e1s de 14 millones de ciudadanos se han ofrecido como voluntarios para participar en la defensa del pa\u00eds, y expres\u00f3 su disposici\u00f3n personal a sacrificarse por esa causa. En un mensaje divulgado en la red social X, el mandatario subray\u00f3 que [&hellip;]<\/p>\n","protected":false},"author":1,"featured_media":462150,"comment_status":"open","ping_status":"open","sticky":false,"template":"","format":"video","meta":{"_bbp_topic_count":0,"_bbp_reply_count":0,"_bbp_total_topic_count":0,"_bbp_total_reply_count":0,"_bbp_voice_count":0,"_bbp_anonymous_reply_count":0,"_bbp_topic_count_hidden":0,"_bbp_reply_count_hidden":0,"_bbp_forum_subforum_count":0,"footnotes":""},"categories":[61,106],"tags":[],"class_list":{"0":"post-464072","1":"post","2":"type-post","3":"status-publish","4":"format-video","5":"has-post-thumbnail","7":"category-mundo","8":"category-video-news","9":"post_format-post-format-video"},"_links":{"self":[{"href":"https:\/\/primermomento.com\/index.php?rest_route=\/wp\/v2\/posts\/464072","targetHints":{"allow":["GET"]}}],"collection":[{"href":"https:\/\/primermomento.com\/index.php?rest_route=\/wp\/v2\/posts"}],"about":[{"href":"https:\/\/primermomento.com\/index.php?rest_route=\/wp\/v2\/types\/post"}],"author":[{"embeddable":true,"href":"https:\/\/primermomento.com\/index.php?rest_route=\/wp\/v2\/users\/1"}],"replies":[{"embeddable":true,"href":"https:\/\/primermomento.com\/index.php?rest_route=%2Fwp%2Fv2%2Fcomments&post=464072"}],"version-history":[{"count":2,"href":"https:\/\/primermomento.com\/index.php?rest_route=\/wp\/v2\/posts\/464072\/revisions"}],"predecessor-version":[{"id":464087,"href":"https:\/\/primermomento.com\/index.php?rest_route=\/wp\/v2\/posts\/464072\/revisions\/464087"}],"wp:featuredmedia":[{"embeddable":true,"href":"https:\/\/primermomento.com\/index.php?rest_route=\/wp\/v2\/media\/462150"}],"wp:attachment":[{"href":"https:\/\/primermomento.com\/index.php?rest_route=%2Fwp%2Fv2%2Fmedia&parent=464072"}],"wp:term":[{"taxonomy":"category","embeddable":true,"href":"https:\/\/primermomento.com\/index.php?rest_route=%2Fwp%2Fv2%2Fcategories&post=464072"},{"taxonomy":"post_tag","embeddable":true,"href":"https:\/\/primermomento.com\/index.php?rest_route=%2Fwp%2Fv2%2Ftags&post=464072"}],"curies":[{"name":"wp","href":"https:\/\/api.w.org\/{rel}","templated":true}]}}