{"id":464074,"date":"2026-04-07T06:00:58","date_gmt":"2026-04-07T10:00:58","guid":{"rendered":"https:\/\/primermomento.com\/?p=464074"},"modified":"2026-04-07T10:09:06","modified_gmt":"2026-04-07T14:09:06","slug":"artemis-ii-y-el-primer-viaje-tripulado-a-la-luna-en-mas-de-anos","status":"publish","type":"post","link":"https:\/\/primermomento.com\/?p=464074","title":{"rendered":"Artemis II y el primer viaje tripulado a la Luna en m\u00e1s de a\u00f1os"},"content":{"rendered":"<p><iframe loading=\"lazy\" title=\"Los astronautas de Artemis II ya son los humanos que m\u00e1s lejos han viajado en el espacio\" width=\"696\" height=\"392\" src=\"https:\/\/www.youtube.com\/embed\/9232YMvoweM?start=2&#038;feature=oembed\" frameborder=\"0\" allow=\"accelerometer; autoplay; clipboard-write; encrypted-media; gyroscope; picture-in-picture; web-share\" referrerpolicy=\"strict-origin-when-cross-origin\" allowfullscreen><\/iframe><\/p>\n<p><em><strong>Por <span style=\"color: #ff0000;\">Prensa Latina<\/span><\/strong><\/em><\/p>\n<p>Washington, EEUU.- La Administraci\u00f3n Nacional de Aeron\u00e1utica y el Espacio de Estados Unidos est\u00e1 a punto de completar una hist\u00f3rica misi\u00f3n, la Artemis II, que se inscribe hoy como primer viaje tripulado a la Luna en m\u00e1s de 50 a\u00f1os.<\/p>\n<p>El equipo, formado por tres estadounidenses y un canadiense (Jeremy Hansen), inici\u00f3 este 6 de abril su trayectoria de regreso a la Tierra a bordo de la nave Orion luego de completar una serie de pruebas en una \u00f3rbita el\u00edptica alrededor de la Luna.<\/p>\n<p><img loading=\"lazy\" decoding=\"async\" class=\"size-medium wp-image-464075 alignleft\" src=\"https:\/\/primermomento.com\/wp-content\/uploads\/2026\/04\/Artemis-II-300x300.jpg\" alt=\"\" width=\"300\" height=\"300\" srcset=\"https:\/\/primermomento.com\/wp-content\/uploads\/2026\/04\/Artemis-II-300x300.jpg 300w, https:\/\/primermomento.com\/wp-content\/uploads\/2026\/04\/Artemis-II-1024x1024.jpg 1024w, https:\/\/primermomento.com\/wp-content\/uploads\/2026\/04\/Artemis-II.jpg 1280w\" sizes=\"auto, (max-width: 300px) 100vw, 300px\" \/>La v\u00edspera, el presidente Donald Trump convers\u00f3 con los cuatro astronautas, a los que les pidi\u00f3 que describieran el sobrevuelo. El comandante de la expedici\u00f3n, Reid Wiseman, expres\u00f3 que \u201cla sorpresa del d\u00eda: acab\u00e1bamos de salir de un eclipse. Pod\u00edamos ver la corona del Sol, y luego pod\u00edamos ver c\u00f3mo la alineaci\u00f3n de planetas se formaba junto con Marte. Y todos comentamos lo emocionados que estamos de ver a esta naci\u00f3n y a este planeta convertirse en una especie de dos planetas\u201d.<\/p>\n<p>Por su parte, Christina Koch, la \u00fanica mujer del grupo, confes\u00f3 que \u201cuno de los mayores momentos destacados fue regresar desde la cara oculta de la Luna y tener los primeros vistazos del planeta Tierra nuevamente despu\u00e9s de estar sin comunicaci\u00f3n durante unos 45 minutos\u201d.<\/p>\n<p>Para Victor Glover tambi\u00e9n fue una especial experiencia no solo en su caso, sino \u201cpara el equipo en tierra (\u2026) un equipo de personas en todo el mundo logr\u00f3 esto, y solo queremos darles las gracias a todos por esto\u201d. \u201cEs la emoci\u00f3n y el honor de toda una vida -a\u00f1adi\u00f3- haber estado en este viaje\u201d.<\/p>\n<p>El mandatario invit\u00f3 a la tripulaci\u00f3n de Artemis II al Despacho Oval una vez que regresen a la Tierra. Seg\u00fan el presidente, \u201cles pedir\u00e9 su aut\u00f3grafo\u201d, porque \u201cesto es grande\u201d y subray\u00f3 que \u00abhan hecho historia\u00bb.<\/p>\n<p>Trump llam\u00f3 de forma remota para hablar con los astronautas tras su hist\u00f3rico sobrevuelo lunar.<\/p>\n<p>Despu\u00e9s de que la misi\u00f3n Artemis II super\u00f3 el r\u00e9cord que logr\u00f3 en 1970 el Apolo 13, renombraron dos cr\u00e1teres relativamente recientes en la Luna: Integrity en honor a la nave Orion, y Carroll, que recordar\u00e1 a la esposa del comandante de la Reid Wiseman, fallecida en 2020 a causa del c\u00e1ncer.<\/p>\n<p>Artemis II se convirti\u00f3 este lunes en la misi\u00f3n espacial tripulada a mayor distancia de la Tierra al alcanzar los 406.771 kil\u00f3metros, superando en seis mil 616 kil\u00f3metros el registro de la Apolo 13.<\/p>\n<p>De acuerdo con los informes, la reentrada en la atm\u00f3sfera terrestre se prev\u00e9 para el 9 de abril en el Oc\u00e9ano Pac\u00edfico cerca de la costa de California.<\/p>\n<p>El final de esta misi\u00f3n de la NASA (sigla en ingl\u00e9s de la Administraci\u00f3n Nacional de Aeron\u00e1utica y el Espacio) se espera que abra el camino para futuros vuelos tripulados a la superficie lunar y quiz\u00e1s m\u00e1s all\u00e1.<\/p>\n","protected":false},"excerpt":{"rendered":"<p>Por Prensa Latina Washington, EEUU.- La Administraci\u00f3n Nacional de Aeron\u00e1utica y el Espacio de Estados Unidos est\u00e1 a punto de completar una hist\u00f3rica misi\u00f3n, la Artemis II, que se inscribe hoy como primer viaje tripulado a la Luna en m\u00e1s de 50 a\u00f1os. El equipo, formado por tres estadounidenses y un canadiense (Jeremy Hansen), inici\u00f3 [&hellip;]<\/p>\n","protected":false},"author":1,"featured_media":464075,"comment_status":"open","ping_status":"open","sticky":false,"template":"","format":"video","meta":{"_bbp_topic_count":0,"_bbp_reply_count":0,"_bbp_total_topic_count":0,"_bbp_total_reply_count":0,"_bbp_voice_count":0,"_bbp_anonymous_reply_count":0,"_bbp_topic_count_hidden":0,"_bbp_reply_count_hidden":0,"_bbp_forum_subforum_count":0,"footnotes":""},"categories":[37,106],"tags":[],"class_list":{"0":"post-464074","1":"post","2":"type-post","3":"status-publish","4":"format-video","5":"has-post-thumbnail","7":"category-ciencia-tecnologia","8":"category-video-news","9":"post_format-post-format-video"},"_links":{"self":[{"href":"https:\/\/primermomento.com\/index.php?rest_route=\/wp\/v2\/posts\/464074","targetHints":{"allow":["GET"]}}],"collection":[{"href":"https:\/\/primermomento.com\/index.php?rest_route=\/wp\/v2\/posts"}],"about":[{"href":"https:\/\/primermomento.com\/index.php?rest_route=\/wp\/v2\/types\/post"}],"author":[{"embeddable":true,"href":"https:\/\/primermomento.com\/index.php?rest_route=\/wp\/v2\/users\/1"}],"replies":[{"embeddable":true,"href":"https:\/\/primermomento.com\/index.php?rest_route=%2Fwp%2Fv2%2Fcomments&post=464074"}],"version-history":[{"count":2,"href":"https:\/\/primermomento.com\/index.php?rest_route=\/wp\/v2\/posts\/464074\/revisions"}],"predecessor-version":[{"id":464082,"href":"https:\/\/primermomento.com\/index.php?rest_route=\/wp\/v2\/posts\/464074\/revisions\/464082"}],"wp:featuredmedia":[{"embeddable":true,"href":"https:\/\/primermomento.com\/index.php?rest_route=\/wp\/v2\/media\/464075"}],"wp:attachment":[{"href":"https:\/\/primermomento.com\/index.php?rest_route=%2Fwp%2Fv2%2Fmedia&parent=464074"}],"wp:term":[{"taxonomy":"category","embeddable":true,"href":"https:\/\/primermomento.com\/index.php?rest_route=%2Fwp%2Fv2%2Fcategories&post=464074"},{"taxonomy":"post_tag","embeddable":true,"href":"https:\/\/primermomento.com\/index.php?rest_route=%2Fwp%2Fv2%2Ftags&post=464074"}],"curies":[{"name":"wp","href":"https:\/\/api.w.org\/{rel}","templated":true}]}}