{"id":464091,"date":"2026-04-07T17:46:18","date_gmt":"2026-04-07T21:46:18","guid":{"rendered":"https:\/\/primermomento.com\/?p=464091"},"modified":"2026-04-07T18:57:15","modified_gmt":"2026-04-07T22:57:15","slug":"buscan-destituir-a-trump-congresista-democrata-pide-juicio-politico","status":"publish","type":"post","link":"https:\/\/primermomento.com\/?p=464091","title":{"rendered":"Buscan destituir a Trump; congresista dem\u00f3crata pide juicio pol\u00edtico"},"content":{"rendered":"<p><strong><em>Por <span style=\"color: #ff0000;\">Prensa Latina<\/span><\/em><\/strong><\/p>\n<p>Washington, EEUU.- John Larson se suma hoy a dem\u00f3cratas de la C\u00e1mara de Representantes de Estados Unidos que buscan un juicio pol\u00edtico contra el presidente Donald Trump desde que inici\u00f3 su segundo mandato en enero de 2025.<\/p>\n<p>El congresista por Connecticut present\u00f3 un proyecto resoluci\u00f3n ante el Comit\u00e9 Judicial de ese \u00f3rgano del legislativo argumentando en al menos 13 art\u00edculos, que Trump se lanz\u00f3 inconstitucionalmente a una guerra, actuando como beligerante o cobeligerante, contra Ir\u00e1n, Yemen, el L\u00edbano, Siria, Nigeria y Gaza.<\/p>\n<p>Que amenaz\u00f3 con el uso de la fuerza militar contra Panam\u00e1, Colombia, Cuba y Groenlandia. \u201cEn todas estas acciones, el presidente Trump ha actuado sin la autorizaci\u00f3n del Congreso constitucionalmente requerida\u201d, subray\u00f3.<\/p>\n<p>Tambi\u00e9n cit\u00f3 el ataque a Venezuela, el despliegue de tropas de la Guardia Nacional en ciudades de todo el pa\u00eds y su orden ejecutiva para restringir la ciudadan\u00eda por derecho de nacimiento, entre otros cargos.<\/p>\n<p>Larson tambi\u00e9n acus\u00f3 a Trump de \u00abasesinato, cr\u00edmenes de guerra y pirater\u00eda\u00bb por ordenar un bloqueo naval alrededor de Venezuela, previo a la agresi\u00f3n a la naci\u00f3n sudamericana que deriv\u00f3 en el secuestro del presidente democr\u00e1ticamente electo de ese pa\u00eds, Nicol\u00e1s Maduro, y su esposa, la diputada Cilia Flores.<\/p>\n<p>Igualmente responsabiliza al actual ocupante del Despacho Oval por docenas de hundimiento de presuntas embarcaciones dedicadas al narcotr\u00e1fico en el Pac\u00edfico Oriental y el Caribe.<\/p>\n<p>Seg\u00fan el escrito, se culpa a Trump \u201c(1) iniciar una guerra y asesinar a decenas de presuntos \u2014aunque no probados\u2014 narcotraficantes en el Caribe y en el Pac\u00edfico oriental; (2) cometer cr\u00edmenes de guerra en violaci\u00f3n de la Ley de Cr\u00edmenes de Guerra de 1996; (3) bloquear a Venezuela; y (4) cometer actos de pirater\u00eda en alta mar y en aguas costeras mediante el robo de petr\u00f3leo venezolano\u201d.<\/p>\n<p>\u00abMediante su usurpaci\u00f3n reiterada de la facultad constitucional del Congreso para declarar la guerra y la comisi\u00f3n de asesinato, cr\u00edmenes de guerra y pirater\u00eda, Donald J. Trump ha actuado en contravenci\u00f3n de la confianza depositada en \u00e9l como presidente\u201d, subray\u00f3 la propuesta legislativa.<\/p>\n<p>Reza la resoluci\u00f3n que el gobernante ha actuado \u201cen gran detrimento de la ley, la libertad y la justicia, y en manifiesto perjuicio del pueblo de los Estados Unidos\u00bb.<\/p>\n<p>Aunque la petici\u00f3n tiene pocas probabilidades de avanzar en la C\u00e1mara de Representantes, controlada por los republicanos al igual que el Senado, incluso si Larson decide forzar una votaci\u00f3n cuando los legisladores regresen la semana del 13 de abril, muestra que empieza sentirse cierta resistencia a Trump en el Capitolio.<\/p>\n<p>No est\u00e1 claro si la iniciativa de juicio pol\u00edtico impulsada por Larson cuenta con el apoyo del liderazgo dem\u00f3crata de la C\u00e1mara Baja, pero el propio Trump est\u00e1 consciente -y as\u00ed lo ha repetido- que los dem\u00f3cratas intentar\u00e1n someterlo a un juicio pol\u00edtico por tercera vez si el partido recupera el control de ese hemiciclo en 2027.<\/p>\n<p>La expresidenta de la C\u00e1mara de Representantes Nancy Pelosi no descart\u00f3 tal probabilidad durante una entrevista con MS NOW la semana pasada.<\/p>\n<p>Precisamente, en abril del pasado a\u00f1o, el legislador Shri Thanedar se convirti\u00f3 en el primero de la bancada dem\u00f3crata en iniciar el proceso para intentar destituir a Trump.<\/p>\n<p>\u00abTrump ha demostrado repetidamente que no es apto para ejercer la presidencia y representa un peligro claro y presente para la constituci\u00f3n de nuestra naci\u00f3n y nuestra democracia\u00bb, dijo entonces el congresista, originario de la India y representante por M\u00edchigan.<\/p>\n<p>De acuerdo a lo que public\u00f3 en su p\u00e1gina web, las \u00abacciones ilegales\u00bb del l\u00edder republicano en sus primeros 100 d\u00edas en el poder, \u00abhan subvertido el sistema judicial, violado la separaci\u00f3n de poderes y antepuesto el poder personal y el inter\u00e9s propio al servicio p\u00fablico\u00bb.<\/p>\n<p>Trump fue primer presidente de la historia de Estados Unidos en ser sometido dos veces a juicio pol\u00edtico, y es uno de los tres que ha enfrentado este proceso (Andrew Johnson, William Clinton y Richard Nixon, quien renunci\u00f3 antes de ser juzgado).<\/p>\n<p>En diciembre de 2019 la C\u00e1mara de Representantes promovi\u00f3 el proceso por abuso de poder y obstrucci\u00f3n al Congreso, y en enero 2021, a una semana de expirar su primer periodo presidencial, fue sometido al segundo por incitaci\u00f3n a la insurrecci\u00f3n de sus simpatizantes, que irrumpieron violentamente en el Capitolio para impedir la ratificaci\u00f3n de la victoria electoral del dem\u00f3crata Joe Biden (2021-2025).<\/p>\n<p>El republicano es tambi\u00e9n el primer candidato presidencial de un partido importante condenado por un delito en medio de una campa\u00f1a para la Casa Blanca, lo que no fren\u00f3 que al final lograra el triunfo electoral en 2024 y se instalara otra vez en la mansi\u00f3n ejecutiva.<\/p>\n","protected":false},"excerpt":{"rendered":"<p>Por Prensa Latina Washington, EEUU.- John Larson se suma hoy a dem\u00f3cratas de la C\u00e1mara de Representantes de Estados Unidos que buscan un juicio pol\u00edtico contra el presidente Donald Trump desde que inici\u00f3 su segundo mandato en enero de 2025. El congresista por Connecticut present\u00f3 un proyecto resoluci\u00f3n ante el Comit\u00e9 Judicial de ese \u00f3rgano [&hellip;]<\/p>\n","protected":false},"author":1,"featured_media":464092,"comment_status":"open","ping_status":"open","sticky":false,"template":"","format":"standard","meta":{"_bbp_topic_count":0,"_bbp_reply_count":0,"_bbp_total_topic_count":0,"_bbp_total_reply_count":0,"_bbp_voice_count":0,"_bbp_anonymous_reply_count":0,"_bbp_topic_count_hidden":0,"_bbp_reply_count_hidden":0,"_bbp_forum_subforum_count":0,"footnotes":""},"categories":[61],"tags":[],"class_list":{"0":"post-464091","1":"post","2":"type-post","3":"status-publish","4":"format-standard","5":"has-post-thumbnail","7":"category-mundo"},"_links":{"self":[{"href":"https:\/\/primermomento.com\/index.php?rest_route=\/wp\/v2\/posts\/464091","targetHints":{"allow":["GET"]}}],"collection":[{"href":"https:\/\/primermomento.com\/index.php?rest_route=\/wp\/v2\/posts"}],"about":[{"href":"https:\/\/primermomento.com\/index.php?rest_route=\/wp\/v2\/types\/post"}],"author":[{"embeddable":true,"href":"https:\/\/primermomento.com\/index.php?rest_route=\/wp\/v2\/users\/1"}],"replies":[{"embeddable":true,"href":"https:\/\/primermomento.com\/index.php?rest_route=%2Fwp%2Fv2%2Fcomments&post=464091"}],"version-history":[{"count":1,"href":"https:\/\/primermomento.com\/index.php?rest_route=\/wp\/v2\/posts\/464091\/revisions"}],"predecessor-version":[{"id":464093,"href":"https:\/\/primermomento.com\/index.php?rest_route=\/wp\/v2\/posts\/464091\/revisions\/464093"}],"wp:featuredmedia":[{"embeddable":true,"href":"https:\/\/primermomento.com\/index.php?rest_route=\/wp\/v2\/media\/464092"}],"wp:attachment":[{"href":"https:\/\/primermomento.com\/index.php?rest_route=%2Fwp%2Fv2%2Fmedia&parent=464091"}],"wp:term":[{"taxonomy":"category","embeddable":true,"href":"https:\/\/primermomento.com\/index.php?rest_route=%2Fwp%2Fv2%2Fcategories&post=464091"},{"taxonomy":"post_tag","embeddable":true,"href":"https:\/\/primermomento.com\/index.php?rest_route=%2Fwp%2Fv2%2Ftags&post=464091"}],"curies":[{"name":"wp","href":"https:\/\/api.w.org\/{rel}","templated":true}]}}