{"id":464117,"date":"2026-04-07T18:56:59","date_gmt":"2026-04-07T22:56:59","guid":{"rendered":"https:\/\/primermomento.com\/?p=464117"},"modified":"2026-04-08T06:19:53","modified_gmt":"2026-04-08T10:19:53","slug":"gobierno-dominicano-iniciara-manana-dialogo-para-acuerdo-nacional","status":"publish","type":"post","link":"https:\/\/primermomento.com\/?p=464117","title":{"rendered":"Gobierno dominicano iniciar\u00e1 este mi\u00e9rcoles di\u00e1logo para acuerdo nacional"},"content":{"rendered":"<p><strong><em>Por<span style=\"color: #ff0000;\"> Prensa Latina<\/span><\/em><\/strong><\/p>\n<p>SANTO DOMINGO, Rep\u00fablica Dominicana.- El ministro de la Presidencia de Rep\u00fablica Dominicana, Jos\u00e9 Ignacio Paliza, inform\u00f3 que el Gobierno iniciar\u00e1 este mi\u00e9rcoles un proceso de di\u00e1logo con distintos sectores para enfrentar los efectos de la crisis global.<\/p>\n<p>Paliza explic\u00f3 que se trata de construir un acuerdo que permita hacer frente al impacto de la situaci\u00f3n internacional generada por la guerra en Oriente Medio.<\/p>\n<p>La primera reuni\u00f3n se realizar\u00e1 en horas de la tarde en el Ministerio de Econom\u00eda y Hacienda e incluir\u00e1 representantes de los sectores productivos, pol\u00edticos y sociales.<\/p>\n<p>Afirm\u00f3 que el objetivo es construir alternativas y mecanismos que permitan mantener los niveles de crecimiento estimados y, al mismo tiempo, mitigar los efectos en la poblaci\u00f3n m\u00e1s vulnerable.<\/p>\n<p>Se\u00f1al\u00f3 que el Gobierno ha contactado a l\u00edderes de la oposici\u00f3n y representantes empresariales para integrarlos al proceso de consultas y encuentros en busca de consensos.<\/p>\n<p>El ministro indic\u00f3 adem\u00e1s que en estas reuniones se discutir\u00e1n posibles medidas adicionales y se escuchar\u00e1n propuestas para fortalecer la estabilidad econ\u00f3mica frente al contexto internacional.<\/p>\n<p>De su lado, el ministro de Administraci\u00f3n P\u00fablica, Sigmund Freund, inform\u00f3 que el Estado ha adoptado medidas para controlar el gasto p\u00fablico, especialmente en lo relativo al crecimiento de la n\u00f3mina.<\/p>\n<p>Indic\u00f3 que desde hace meses se mantienen restricciones en la creaci\u00f3n de nuevas plazas y en aumentos salariales, como parte del esfuerzo por contener el gasto corriente.<\/p>\n<p>Freund precis\u00f3 que solo se priorizan posibles incrementos en \u00e1reas esenciales como salud, educaci\u00f3n y seguridad, mientras que en otros sectores las aprobaciones son m\u00e1s limitadas.<\/p>\n<p>Estas declaraciones fueron ofrecidas tras una reuni\u00f3n en el Senado, donde se analiza una propuesta de modificaci\u00f3n a la Ley 33-18 de Partidos.<\/p>\n","protected":false},"excerpt":{"rendered":"<p>Por Prensa Latina SANTO DOMINGO, Rep\u00fablica Dominicana.- El ministro de la Presidencia de Rep\u00fablica Dominicana, Jos\u00e9 Ignacio Paliza, inform\u00f3 que el Gobierno iniciar\u00e1 este mi\u00e9rcoles un proceso de di\u00e1logo con distintos sectores para enfrentar los efectos de la crisis global. Paliza explic\u00f3 que se trata de construir un acuerdo que permita hacer frente al impacto [&hellip;]<\/p>\n","protected":false},"author":1,"featured_media":428000,"comment_status":"open","ping_status":"open","sticky":false,"template":"","format":"standard","meta":{"_bbp_topic_count":0,"_bbp_reply_count":0,"_bbp_total_topic_count":0,"_bbp_total_reply_count":0,"_bbp_voice_count":0,"_bbp_anonymous_reply_count":0,"_bbp_topic_count_hidden":0,"_bbp_reply_count_hidden":0,"_bbp_forum_subforum_count":0,"footnotes":""},"categories":[31],"tags":[],"class_list":{"0":"post-464117","1":"post","2":"type-post","3":"status-publish","4":"format-standard","5":"has-post-thumbnail","7":"category-estados-unidos"},"_links":{"self":[{"href":"https:\/\/primermomento.com\/index.php?rest_route=\/wp\/v2\/posts\/464117","targetHints":{"allow":["GET"]}}],"collection":[{"href":"https:\/\/primermomento.com\/index.php?rest_route=\/wp\/v2\/posts"}],"about":[{"href":"https:\/\/primermomento.com\/index.php?rest_route=\/wp\/v2\/types\/post"}],"author":[{"embeddable":true,"href":"https:\/\/primermomento.com\/index.php?rest_route=\/wp\/v2\/users\/1"}],"replies":[{"embeddable":true,"href":"https:\/\/primermomento.com\/index.php?rest_route=%2Fwp%2Fv2%2Fcomments&post=464117"}],"version-history":[{"count":2,"href":"https:\/\/primermomento.com\/index.php?rest_route=\/wp\/v2\/posts\/464117\/revisions"}],"predecessor-version":[{"id":464146,"href":"https:\/\/primermomento.com\/index.php?rest_route=\/wp\/v2\/posts\/464117\/revisions\/464146"}],"wp:featuredmedia":[{"embeddable":true,"href":"https:\/\/primermomento.com\/index.php?rest_route=\/wp\/v2\/media\/428000"}],"wp:attachment":[{"href":"https:\/\/primermomento.com\/index.php?rest_route=%2Fwp%2Fv2%2Fmedia&parent=464117"}],"wp:term":[{"taxonomy":"category","embeddable":true,"href":"https:\/\/primermomento.com\/index.php?rest_route=%2Fwp%2Fv2%2Fcategories&post=464117"},{"taxonomy":"post_tag","embeddable":true,"href":"https:\/\/primermomento.com\/index.php?rest_route=%2Fwp%2Fv2%2Ftags&post=464117"}],"curies":[{"name":"wp","href":"https:\/\/api.w.org\/{rel}","templated":true}]}}