{"id":464120,"date":"2026-04-07T19:35:48","date_gmt":"2026-04-07T23:35:48","guid":{"rendered":"https:\/\/primermomento.com\/?p=464120"},"modified":"2026-04-08T06:21:34","modified_gmt":"2026-04-08T10:21:34","slug":"trump-da-marcha-atras-a-sus-amenazas-por-dos-semanas-siempre-que-iran-acepte-un-alto-el-fuego","status":"publish","type":"post","link":"https:\/\/primermomento.com\/?p=464120","title":{"rendered":"Trump acepta condiciones de alto el fuego con Ir\u00e1n por dos semanas"},"content":{"rendered":"<p><iframe loading=\"lazy\" title=\"EE.UU. e Ir\u00e1n acuerdan un alto el fuego de dos semanas y la reapertura del estrecho de Ormuz\" width=\"696\" height=\"392\" src=\"https:\/\/www.youtube.com\/embed\/NVjZmDPpytk?start=1&#038;feature=oembed\" frameborder=\"0\" allow=\"accelerometer; autoplay; clipboard-write; encrypted-media; gyroscope; picture-in-picture; web-share\" referrerpolicy=\"strict-origin-when-cross-origin\" allowfullscreen><\/iframe><\/p>\n<p><strong><em>Por <span style=\"color: #ff0000;\">Prensa Latina<\/span><\/em><\/strong><\/p>\n<p>Teher\u00e1n, IR\u00c1N.- El presidente de Estados Unidos, Donald Trump, acept\u00f3 hoy las condiciones de alto al fuego de dos semanas con Ir\u00e1n, casi cuanto expiraba el plazo para su alarmante amenaza de que esta noche toda una civilizaci\u00f3n morir\u00eda.<\/p>\n<p>Trump hizo el anuncio en su red Truth Social, donde explic\u00f3 que detuvo los ataques basado en conversaciones con el primer ministro Shehbaz Sharif y el mariscal de campo Asim Munir, de Pakist\u00e1n.<\/p>\n<p><img loading=\"lazy\" decoding=\"async\" class=\"size-medium wp-image-464121 alignleft\" src=\"https:\/\/primermomento.com\/wp-content\/uploads\/2026\/04\/Destruccion-Iran-y-cese-al-fuego-300x200.webp\" alt=\"\" width=\"300\" height=\"200\" srcset=\"https:\/\/primermomento.com\/wp-content\/uploads\/2026\/04\/Destruccion-Iran-y-cese-al-fuego-300x200.webp 300w, https:\/\/primermomento.com\/wp-content\/uploads\/2026\/04\/Destruccion-Iran-y-cese-al-fuego-1024x683.webp 1024w, https:\/\/primermomento.com\/wp-content\/uploads\/2026\/04\/Destruccion-Iran-y-cese-al-fuego-768x512.webp 768w, https:\/\/primermomento.com\/wp-content\/uploads\/2026\/04\/Destruccion-Iran-y-cese-al-fuego-1536x1024.webp 1536w, https:\/\/primermomento.com\/wp-content\/uploads\/2026\/04\/Destruccion-Iran-y-cese-al-fuego-2048x1365.webp 2048w, https:\/\/primermomento.com\/wp-content\/uploads\/2026\/04\/Destruccion-Iran-y-cese-al-fuego-696x464.webp 696w, https:\/\/primermomento.com\/wp-content\/uploads\/2026\/04\/Destruccion-Iran-y-cese-al-fuego-1068x712.webp 1068w, https:\/\/primermomento.com\/wp-content\/uploads\/2026\/04\/Destruccion-Iran-y-cese-al-fuego-1920x1280.webp 1920w\" sizes=\"auto, (max-width: 300px) 100vw, 300px\" \/>\u201cRecibimos una propuesta de 10 puntos de Ir\u00e1n y creemos que es una base viable sobre la cual negociar. Casi todos los diversos puntos de contenci\u00f3n del pasado han sido acordados entre Estados Unidos e Ir\u00e1n, pero un periodo de dos semanas permitir\u00e1 que el acuerdo se finalice y se concrete\u201d.<\/p>\n<p>Seg\u00fan Trump le solicitaron detener \u201cla fuerza destructiva que se env\u00eda esta noche a Ir\u00e1n\u201d, todo sujeto a la aceptaci\u00f3n por la Rep\u00fablica Isl\u00e1mica de \u201cla APERTURA COMPLETA, INMEDIATA y SEGURA del estrecho de Ormuz\u201d.<\/p>\n<p>El presidente Trump a\u00f1adi\u00f3 en su plataforma en Internet que la raz\u00f3n para este cambio de postura de \u00faltima hora es \u201cque ya hemos cumplido y superado todos los objetivos militares, y estamos muy avanzados con un acuerdo definitivo sobre la paz a largo plazo con Ir\u00e1n y la paz en Medio Oriente\u201d. La Casa Blanca dio por terminadas las actividades p\u00fablicas a las 18:44 (hora del este).<\/p>\n<p>Entretanto, Ir\u00e1n afirm\u00f3 que su plan de 10 puntos acatado por Trump conlleva \u00abla retirada de las fuerzas de combate de Estados Unidos de todas las bases y posiciones en la regi\u00f3n\u00bb; adem\u00e1s, el levantamiento de todas las sanciones a la naci\u00f3n persa; la aceptaci\u00f3n del enriquecimiento de uranio, y la compensaci\u00f3n por los da\u00f1os sufridos a consecuencia de la agresi\u00f3n, entre otros.<\/p>\n<p>Trump proclam\u00f3, cuando apenas se desataba la guerra el pasado 28 de febrero, que Ir\u00e1n ser\u00eda una \u201cexcursi\u00f3n a corto plazo\u201d, pero camino al segundo mes de conflicto las se\u00f1ales lo contradicen.<\/p>\n<p>El mi\u00e9rcoles en un mensaje a la naci\u00f3n se refiri\u00f3 a la victoria de Estados Unidos y la destrucci\u00f3n de las capacidades militares de la Rep\u00fablica Isl\u00e1mica.<\/p>\n<p>Un d\u00eda despu\u00e9s la defensa iran\u00ed le derrib\u00f3 en su territorio un caza de combate F-15 E estadounidense y tuvieron que desplegar un fuerte dispositivo para la b\u00fasqueda y rescate de uno de los dos pilotos eyectados. La operaci\u00f3n logr\u00f3 el objetivo, pero el Pent\u00e1gono perdi\u00f3 dos helic\u00f3pteros y un avi\u00f3n de carga, rese\u00f1aron los reportes.<\/p>\n<p>El presidente de Ir\u00e1n, Masoud Pezeshkian, afirm\u00f3 este martes que m\u00e1s de 14 millones de ciudadanos se ofrecieron como voluntarios para participar en la defensa del pa\u00eds, y expres\u00f3 su disposici\u00f3n personal a sacrificarse por esa causa.<\/p>\n<p>El domingo, Trump puso nueva fecha y hora a su ultim\u00e1tum: \u00ab\u00a1Martes, 20:00 horas, hora del Este!\u00bb.<\/p>\n<p>PIDEN JUICIO POL\u00cdTICO<\/p>\n<p>Mientras, el rechazo a Trump aumenta a tono con encuestas y algunos congresistas como John Larson se sumaron a la idea de dem\u00f3cratas de la C\u00e1mara de Representantes que buscan un juicio pol\u00edtico contra Trump.<\/p>\n<p>Aunque con pocas posibilidades de avance con una C\u00e1mara Baja y un Senado controlado por los republicanos, el proyecto de resoluci\u00f3n de Larson argument\u00f3 en al menos 13 art\u00edculos, que el gobernante se lanz\u00f3 inconstitucionalmente a una guerra, actuando como beligerante o cobeligerante, contra Ir\u00e1n, Yemen, el L\u00edbano, Siria, Nigeria y Gaza.<\/p>\n<p>Que amenaz\u00f3 con el uso de la fuerza militar contra Panam\u00e1, Colombia, Cuba y Groenlandia. \u201cEn todas estas acciones, el presidente Trump ha actuado sin la autorizaci\u00f3n del Congreso constitucionalmente requerida\u201d, subray\u00f3.<\/p>\n<p>Tambi\u00e9n cit\u00f3 el ataque a Venezuela, el despliegue de tropas de la Guardia Nacional en ciudades de todo el pa\u00eds y su orden ejecutiva para restringir la ciudadan\u00eda por derecho de nacimiento, entre otras culpas.<\/p>\n","protected":false},"excerpt":{"rendered":"<p>Por Prensa Latina Teher\u00e1n, IR\u00c1N.- El presidente de Estados Unidos, Donald Trump, acept\u00f3 hoy las condiciones de alto al fuego de dos semanas con Ir\u00e1n, casi cuanto expiraba el plazo para su alarmante amenaza de que esta noche toda una civilizaci\u00f3n morir\u00eda. Trump hizo el anuncio en su red Truth Social, donde explic\u00f3 que detuvo [&hellip;]<\/p>\n","protected":false},"author":1,"featured_media":464121,"comment_status":"open","ping_status":"open","sticky":false,"template":"","format":"video","meta":{"_bbp_topic_count":0,"_bbp_reply_count":0,"_bbp_total_topic_count":0,"_bbp_total_reply_count":0,"_bbp_voice_count":0,"_bbp_anonymous_reply_count":0,"_bbp_topic_count_hidden":0,"_bbp_reply_count_hidden":0,"_bbp_forum_subforum_count":0,"footnotes":""},"categories":[61,106],"tags":[],"class_list":{"0":"post-464120","1":"post","2":"type-post","3":"status-publish","4":"format-video","5":"has-post-thumbnail","7":"category-mundo","8":"category-video-news","9":"post_format-post-format-video"},"_links":{"self":[{"href":"https:\/\/primermomento.com\/index.php?rest_route=\/wp\/v2\/posts\/464120","targetHints":{"allow":["GET"]}}],"collection":[{"href":"https:\/\/primermomento.com\/index.php?rest_route=\/wp\/v2\/posts"}],"about":[{"href":"https:\/\/primermomento.com\/index.php?rest_route=\/wp\/v2\/types\/post"}],"author":[{"embeddable":true,"href":"https:\/\/primermomento.com\/index.php?rest_route=\/wp\/v2\/users\/1"}],"replies":[{"embeddable":true,"href":"https:\/\/primermomento.com\/index.php?rest_route=%2Fwp%2Fv2%2Fcomments&post=464120"}],"version-history":[{"count":7,"href":"https:\/\/primermomento.com\/index.php?rest_route=\/wp\/v2\/posts\/464120\/revisions"}],"predecessor-version":[{"id":464147,"href":"https:\/\/primermomento.com\/index.php?rest_route=\/wp\/v2\/posts\/464120\/revisions\/464147"}],"wp:featuredmedia":[{"embeddable":true,"href":"https:\/\/primermomento.com\/index.php?rest_route=\/wp\/v2\/media\/464121"}],"wp:attachment":[{"href":"https:\/\/primermomento.com\/index.php?rest_route=%2Fwp%2Fv2%2Fmedia&parent=464120"}],"wp:term":[{"taxonomy":"category","embeddable":true,"href":"https:\/\/primermomento.com\/index.php?rest_route=%2Fwp%2Fv2%2Fcategories&post=464120"},{"taxonomy":"post_tag","embeddable":true,"href":"https:\/\/primermomento.com\/index.php?rest_route=%2Fwp%2Fv2%2Ftags&post=464120"}],"curies":[{"name":"wp","href":"https:\/\/api.w.org\/{rel}","templated":true}]}}