{"id":464124,"date":"2026-04-07T18:00:48","date_gmt":"2026-04-07T22:00:48","guid":{"rendered":"https:\/\/primermomento.com\/?p=464124"},"modified":"2026-04-07T19:41:23","modified_gmt":"2026-04-07T23:41:23","slug":"accessibility-menu-is-on-dominican-flag-esta-es-una-web-oficial-del-gobierno-de-la-republica-dominicana-asi-es-como-puedes-saberlo-inicio-sobre-nosotros-quienes-somos-historia-marco-legal-conoce-al","status":"publish","type":"post","link":"https:\/\/primermomento.com\/?p=464124","title":{"rendered":"Operativo de Semana Santa logra disminuci\u00f3n de homicidios y robos en el pa\u00eds"},"content":{"rendered":"<p><strong><em>Por <span style=\"color: #ff0000;\">Servicios de Primermomento.com<\/span><\/em><\/strong><\/p>\n<p>SANTO DOMINGO, Rep\u00fablica Dominicana.- La ministra de Interior y Polic\u00eda, Faride Raful, inform\u00f3 que durante el operativo de Semana Santa se registr\u00f3 la cifra m\u00e1s baja de homicidios de los \u00faltimos a\u00f1os, con un total de 19 muertes hasta el 5 de abril.<\/p>\n<p>Al t\u00e9rmino de la reuni\u00f3n de seguimiento al Plan de Seguridad Ciudadana de este martes 7 de abril, encabezada por el presidente Luis Abinader, la funcionaria atribuy\u00f3 estos resultados al refuerzo operativo de la Fuerza de Tarea Conjunta, con \u00e9nfasis en la prevenci\u00f3n y disuasi\u00f3n. Esta cifra representa una reducci\u00f3n de un 51 % en comparaci\u00f3n con 2023 y una disminuci\u00f3n promedio de 41 % frente a a\u00f1os anteriores, cuando se llegaron a registrar hasta 39 homicidios en la Semana Mayor.<\/p>\n<p>Los d\u00edas de mayor incidencia, coincidiendo con un mayor despliegue estrat\u00e9gico de agentes, fueron el Domingo de Ramos, el S\u00e1bado Santo y el Domingo de Resurrecci\u00f3n.<\/p>\n<p>Del total de 19 muertes, siete estuvieron vinculadas a la delincuencia, cuatro a conflictos sociales, tres permanecen bajo investigaci\u00f3n y cinco correspondieron a acciones legales.<\/p>\n<p>El operativo cont\u00f3 con el apoyo del Ministerio de Defensa, la Polic\u00eda Nacional, la Comisi\u00f3n Militar y Policial (Comipol), la Direcci\u00f3n General de Seguridad de Tr\u00e1nsito y Transporte Terrestre (Digesett) y el Instituto Nacional de Tr\u00e1nsito y Transporte Terrestre (Intrant).<\/p>\n","protected":false},"excerpt":{"rendered":"<p>Por Servicios de Primermomento.com SANTO DOMINGO, Rep\u00fablica Dominicana.- La ministra de Interior y Polic\u00eda, Faride Raful, inform\u00f3 que durante el operativo de Semana Santa se registr\u00f3 la cifra m\u00e1s baja de homicidios de los \u00faltimos a\u00f1os, con un total de 19 muertes hasta el 5 de abril. Al t\u00e9rmino de la reuni\u00f3n de seguimiento al [&hellip;]<\/p>\n","protected":false},"author":1,"featured_media":464125,"comment_status":"open","ping_status":"open","sticky":false,"template":"","format":"standard","meta":{"_bbp_topic_count":0,"_bbp_reply_count":0,"_bbp_total_topic_count":0,"_bbp_total_reply_count":0,"_bbp_voice_count":0,"_bbp_anonymous_reply_count":0,"_bbp_topic_count_hidden":0,"_bbp_reply_count_hidden":0,"_bbp_forum_subforum_count":0,"footnotes":""},"categories":[32],"tags":[],"class_list":{"0":"post-464124","1":"post","2":"type-post","3":"status-publish","4":"format-standard","5":"has-post-thumbnail","7":"category-lo-ultimo"},"_links":{"self":[{"href":"https:\/\/primermomento.com\/index.php?rest_route=\/wp\/v2\/posts\/464124","targetHints":{"allow":["GET"]}}],"collection":[{"href":"https:\/\/primermomento.com\/index.php?rest_route=\/wp\/v2\/posts"}],"about":[{"href":"https:\/\/primermomento.com\/index.php?rest_route=\/wp\/v2\/types\/post"}],"author":[{"embeddable":true,"href":"https:\/\/primermomento.com\/index.php?rest_route=\/wp\/v2\/users\/1"}],"replies":[{"embeddable":true,"href":"https:\/\/primermomento.com\/index.php?rest_route=%2Fwp%2Fv2%2Fcomments&post=464124"}],"version-history":[{"count":2,"href":"https:\/\/primermomento.com\/index.php?rest_route=\/wp\/v2\/posts\/464124\/revisions"}],"predecessor-version":[{"id":464127,"href":"https:\/\/primermomento.com\/index.php?rest_route=\/wp\/v2\/posts\/464124\/revisions\/464127"}],"wp:featuredmedia":[{"embeddable":true,"href":"https:\/\/primermomento.com\/index.php?rest_route=\/wp\/v2\/media\/464125"}],"wp:attachment":[{"href":"https:\/\/primermomento.com\/index.php?rest_route=%2Fwp%2Fv2%2Fmedia&parent=464124"}],"wp:term":[{"taxonomy":"category","embeddable":true,"href":"https:\/\/primermomento.com\/index.php?rest_route=%2Fwp%2Fv2%2Fcategories&post=464124"},{"taxonomy":"post_tag","embeddable":true,"href":"https:\/\/primermomento.com\/index.php?rest_route=%2Fwp%2Fv2%2Ftags&post=464124"}],"curies":[{"name":"wp","href":"https:\/\/api.w.org\/{rel}","templated":true}]}}