{"id":464166,"date":"2026-04-08T11:03:45","date_gmt":"2026-04-08T15:03:45","guid":{"rendered":"https:\/\/primermomento.com\/?p=464166"},"modified":"2026-04-08T14:58:16","modified_gmt":"2026-04-08T18:58:16","slug":"suspenden-docencia-en-provincias-dominicanas-en-alerta-por-lluvias","status":"publish","type":"post","link":"https:\/\/primermomento.com\/?p=464166","title":{"rendered":"Suspenden docencia en provincias dominicanas en alerta por lluvias"},"content":{"rendered":"<p><strong><em>Por<span style=\"color: #ff0000;\"> Prensa Latina<\/span><\/em><\/strong><\/p>\n<p>SANTO DOMINGO, Rep\u00fablica Dominicana.- El Ministerio dominicano de Educaci\u00f3n inform\u00f3 hoy la suspensi\u00f3n de la docencia este mi\u00e9rcoles en varias provincias del pa\u00eds como medida preventiva ante la incidencia de una vaguada que genera condiciones de inestabilidad atmosf\u00e9rica.<\/p>\n<div class=\"elementor-element elementor-element-0aea3a0 elementor-widget elementor-widget-theme-post-content\" data-id=\"0aea3a0\" data-element_type=\"widget\" data-e-type=\"widget\" data-widget_type=\"theme-post-content.default\">\n<div class=\"elementor-widget-container\">\n<p>La decisi\u00f3n fue adoptada en coordinaci\u00f3n con el Centro de Operaciones de Emergencias (COE) y el Instituto Dominicano de Meteorolog\u00eda (Indomet), organismos que m\u00e1s temprano alertaron sobre la ocurrencia de lluvias intensas, tormentas el\u00e9ctricas y posibles inundaciones en zonas del territorio nacional.<\/p>\n<p>La pausa aplica para todos los centros educativos p\u00fablicos y privados ubicados en las demarcaciones en alerta, con el objetivo de garantizar la seguridad de estudiantes, docentes y personal administrativo ante posibles crecidas de r\u00edos, ca\u00f1adas y deslizamientos de tierra.<\/p>\n<p>Las autoridades exhortaron a la poblaci\u00f3n a mantenerse atenta a los boletines oficiales y a seguir las recomendaciones de los organismos de protecci\u00f3n civil, as\u00ed como evitar desplazamientos innecesarios en \u00e1reas vulnerables.<\/p>\n<p>M\u00e1s temprano, el Ministerio de Administraci\u00f3n P\u00fablica (MAP) tambi\u00e9n inform\u00f3 que, debido a las condiciones clim\u00e1ticas adversas, se mantendr\u00e1n las labores en las instituciones p\u00fablicas bajo un esquema de presencialidad m\u00ednima y se priorizar\u00e1 el teletrabajo.<\/p>\n<p>El Indomet inform\u00f3 que la vaguada que incide sobre el territorio nacional mantendr\u00e1 condiciones meteorol\u00f3gicas favorables para que contin\u00faen produci\u00e9ndose aguaceros, de moderados a fuertes, acompa\u00f1ados de frecuentes tormentas el\u00e9ctricas, r\u00e1fagas de viento y deslizamientos de tierra, en distintas regiones del pa\u00eds.<\/p>\n<p>La instituci\u00f3n explic\u00f3 que durante el transcurso del d\u00eda y las primeras horas de la noche, estas condiciones continuar\u00e1n principalmente sobre localidades del Gran Santo Domingo, San Crist\u00f3bal, La Romana, San Pedro de Macor\u00eds, Hato Mayor, Duarte, Mar\u00eda Trinidad S\u00e1nchez, S\u00e1nchez Ram\u00edrez, Saman\u00e1, Monte Plata y El Seibo.<\/p>\n<p>Tambi\u00e9n en Barahona, El\u00edas Pi\u00f1a, Santiago, La Vega, Puerto Plata, Santiago Rodr\u00edguez, Dajab\u00f3n, Valverde y Monte Cristi. Tambi\u00e9n afectar\u00e1n otras zonas cercanas.<\/p>\n<p>El Indomet inform\u00f3 que su Centro Nacional de Pron\u00f3stico modific\u00f3 los niveles de aviso y alerta meteorol\u00f3gica, ante el riesgo de inundaciones urbanas, crecidas de r\u00edos, arroyos y ca\u00f1adas.<\/p>\n<p>Se\u00f1al\u00f3 que se mantienen bajo aviso meteorol\u00f3gico el Gran Santo Domingo, San Jos\u00e9 de Ocoa y San Crist\u00f3bal, mientras que, en alerta meteorol\u00f3gica est\u00e1n San Pedro de Macor\u00eds, Monse\u00f1or Nouel, Santiago, La Vega, Puerto Plata, Santiago Rodr\u00edguez, Dajab\u00f3n, El\u00edas Pi\u00f1a, Barahona, Azua y Peravia.<\/p>\n<\/div>\n<\/div>\n<div class=\"elementor-element elementor-element-4f75016 elementor-widget elementor-widget-post-info\" data-id=\"4f75016\" data-element_type=\"widget\" data-e-type=\"widget\" data-widget_type=\"post-info.default\">\n<div class=\"elementor-widget-container\">\n<ul class=\"elementor-inline-items elementor-icon-list-items elementor-post-info\">\n<li class=\"elementor-icon-list-item elementor-repeater-item-17dda3e elementor-inline-item\"><em><span class=\"elementor-icon-list-text elementor-post-info__item elementor-post-info__item--type-custom\">#<a href=\"https:\/\/primermomento.com\/?p=464166\" rel=\"tag\">Indomet<\/a>\u00a0#<a href=\"https:\/\/primermomento.com\/?p=464166\" rel=\"tag\">lluvias<\/a>\u00a0#<a href=\"https:\/\/primermomento.com\/?p=464166\" rel=\"tag\">suspensi\u00f3n de docencia<\/a>\u00a0#<a href=\"https:\/\/primermomento.com\/?p=464166\" rel=\"tag\">teletrabajo<\/a><\/span><\/em><\/li>\n<\/ul>\n<\/div>\n<\/div>\n","protected":false},"excerpt":{"rendered":"<p>Por Prensa Latina SANTO DOMINGO, Rep\u00fablica Dominicana.- El Ministerio dominicano de Educaci\u00f3n inform\u00f3 hoy la suspensi\u00f3n de la docencia este mi\u00e9rcoles en varias provincias del pa\u00eds como medida preventiva ante la incidencia de una vaguada que genera condiciones de inestabilidad atmosf\u00e9rica. La decisi\u00f3n fue adoptada en coordinaci\u00f3n con el Centro de Operaciones de Emergencias (COE) [&hellip;]<\/p>\n","protected":false},"author":1,"featured_media":388701,"comment_status":"open","ping_status":"open","sticky":false,"template":"","format":"standard","meta":{"_bbp_topic_count":0,"_bbp_reply_count":0,"_bbp_total_topic_count":0,"_bbp_total_reply_count":0,"_bbp_voice_count":0,"_bbp_anonymous_reply_count":0,"_bbp_topic_count_hidden":0,"_bbp_reply_count_hidden":0,"_bbp_forum_subforum_count":0,"footnotes":""},"categories":[32],"tags":[],"class_list":{"0":"post-464166","1":"post","2":"type-post","3":"status-publish","4":"format-standard","5":"has-post-thumbnail","7":"category-lo-ultimo"},"_links":{"self":[{"href":"https:\/\/primermomento.com\/index.php?rest_route=\/wp\/v2\/posts\/464166","targetHints":{"allow":["GET"]}}],"collection":[{"href":"https:\/\/primermomento.com\/index.php?rest_route=\/wp\/v2\/posts"}],"about":[{"href":"https:\/\/primermomento.com\/index.php?rest_route=\/wp\/v2\/types\/post"}],"author":[{"embeddable":true,"href":"https:\/\/primermomento.com\/index.php?rest_route=\/wp\/v2\/users\/1"}],"replies":[{"embeddable":true,"href":"https:\/\/primermomento.com\/index.php?rest_route=%2Fwp%2Fv2%2Fcomments&post=464166"}],"version-history":[{"count":1,"href":"https:\/\/primermomento.com\/index.php?rest_route=\/wp\/v2\/posts\/464166\/revisions"}],"predecessor-version":[{"id":464167,"href":"https:\/\/primermomento.com\/index.php?rest_route=\/wp\/v2\/posts\/464166\/revisions\/464167"}],"wp:featuredmedia":[{"embeddable":true,"href":"https:\/\/primermomento.com\/index.php?rest_route=\/wp\/v2\/media\/388701"}],"wp:attachment":[{"href":"https:\/\/primermomento.com\/index.php?rest_route=%2Fwp%2Fv2%2Fmedia&parent=464166"}],"wp:term":[{"taxonomy":"category","embeddable":true,"href":"https:\/\/primermomento.com\/index.php?rest_route=%2Fwp%2Fv2%2Fcategories&post=464166"},{"taxonomy":"post_tag","embeddable":true,"href":"https:\/\/primermomento.com\/index.php?rest_route=%2Fwp%2Fv2%2Ftags&post=464166"}],"curies":[{"name":"wp","href":"https:\/\/api.w.org\/{rel}","templated":true}]}}