{"id":465254,"date":"2026-04-25T07:15:38","date_gmt":"2026-04-25T11:15:38","guid":{"rendered":"https:\/\/primermomento.com\/?p=465254"},"modified":"2026-04-25T14:42:44","modified_gmt":"2026-04-25T18:42:44","slug":"canciller-de-iran-dialoga-en-pakistan-con-jefe-de-ejercito-asim-munir","status":"publish","type":"post","link":"https:\/\/primermomento.com\/?p=465254","title":{"rendered":"Canciller de Ir\u00e1n dialoga en Pakist\u00e1n con jefe de Ej\u00e9rcito Asim Munir"},"content":{"rendered":"<p><strong><em>Por <span style=\"color: #ff0000;\">Prensa Latina<\/span><\/em><\/strong><\/p>\n<p>Islamabad, PAKIST\u00c1N.- El ministro de Relaciones Exteriores de Ir\u00e1n, Abbas Araghchi, de visita oficial hoy aqu\u00ed, sostuvo una reuni\u00f3n clave con el Jefe del Estado Mayor del Ej\u00e9rcito y de las Fuerzas de Defensa de Pakist\u00e1n, Asim Munir.<\/p>\n<p>Durante la reuni\u00f3n, ambas partes abordaron las relaciones bilaterales entre Pakist\u00e1n e Ir\u00e1n, la cooperaci\u00f3n en materia de seguridad y asuntos de inter\u00e9s mutuo e intercambiaron puntos de vista sobre cuestiones de seguridad nacional y la evoluci\u00f3n de la situaci\u00f3n regional.<\/p>\n<p>El encuentro marc\u00f3 la primera sesi\u00f3n de trabajo importante de la visita de Araghchi a Islamabad, donde ambas partes enfatizaron la necesidad de fortalecer a\u00fan m\u00e1s los lazos diplom\u00e1ticos y de defensa, inform\u00f3 la embajada del pa\u00eds persa ante Islamabad.<\/p>\n<p>Tambi\u00e9n acordaron continuar las consultas para promover la paz y la estabilidad regional, seg\u00fan la fuente diplom\u00e1tica.<\/p>\n<p>De acuerdo con una publicaci\u00f3n del portavoz del Ministerio de Relaciones Exteriores Esmaeil Baghaei Hamaneh, quien integra la delegaci\u00f3n iran\u00ed en Pakist\u00e1n, la visita contempla las reuniones con funcionarios paquistan\u00edes \u201cen el marco de la mediaci\u00f3n y los buenos oficios que estos llevan a cabo para poder fin a la guerra de agresi\u00f3n impuesta por Estados Unidos y restablecer la paz en la regi\u00f3n\u201d.<\/p>\n<p>El alto funcionario iran\u00ed agreg\u00f3 que no estaba prevista ninguna reuni\u00f3n entre Ir\u00e1n y Estados Unidos y que las observaciones de Ir\u00e1n ser\u00e1n transmitidas a Pakist\u00e1n.<\/p>\n<p>Con esas declaraciones, Baghaei aclara la posici\u00f3n de Teher\u00e1n sobre las especulaciones de la posibilidad de un segundo encuentro Ir\u00e1n-Estados Unidos ante el anuncio por el presidente Donald Trump del viaje tambi\u00e9n a Islamabad de sus enviados estadounidenses.<\/p>\n<p>La televisi\u00f3n estatal iran\u00ed inform\u00f3 que Abbas Araghchi lleg\u00f3 a la capital paquistan\u00ed con la respuesta formal de Teher\u00e1n a las propuestas formuladas por Asim Munir durante su visita reciente a Ir\u00e1n.<\/p>\n<p>Seg\u00fan el reporte, la respuesta es integral y toma en cuenta todas las observaciones de Ir\u00e1n respecto a las conversaciones mantenidas con la parte paquistan\u00ed, mediadora en la actual crisis.<\/p>\n<p>Araghchi se reunir\u00e1, adem\u00e1s con el primer ministro Shehbaz Sharif y el viceprimer ministro y canciller Ishaq Dar.<\/p>\n","protected":false},"excerpt":{"rendered":"<p>Por Prensa Latina Islamabad, PAKIST\u00c1N.- El ministro de Relaciones Exteriores de Ir\u00e1n, Abbas Araghchi, de visita oficial hoy aqu\u00ed, sostuvo una reuni\u00f3n clave con el Jefe del Estado Mayor del Ej\u00e9rcito y de las Fuerzas de Defensa de Pakist\u00e1n, Asim Munir. Durante la reuni\u00f3n, ambas partes abordaron las relaciones bilaterales entre Pakist\u00e1n e Ir\u00e1n, la [&hellip;]<\/p>\n","protected":false},"author":1,"featured_media":465255,"comment_status":"open","ping_status":"open","sticky":false,"template":"","format":"standard","meta":{"_bbp_topic_count":0,"_bbp_reply_count":0,"_bbp_total_topic_count":0,"_bbp_total_reply_count":0,"_bbp_voice_count":0,"_bbp_anonymous_reply_count":0,"_bbp_topic_count_hidden":0,"_bbp_reply_count_hidden":0,"_bbp_forum_subforum_count":0,"footnotes":""},"categories":[61],"tags":[],"class_list":{"0":"post-465254","1":"post","2":"type-post","3":"status-publish","4":"format-standard","5":"has-post-thumbnail","7":"category-mundo"},"_links":{"self":[{"href":"https:\/\/primermomento.com\/index.php?rest_route=\/wp\/v2\/posts\/465254","targetHints":{"allow":["GET"]}}],"collection":[{"href":"https:\/\/primermomento.com\/index.php?rest_route=\/wp\/v2\/posts"}],"about":[{"href":"https:\/\/primermomento.com\/index.php?rest_route=\/wp\/v2\/types\/post"}],"author":[{"embeddable":true,"href":"https:\/\/primermomento.com\/index.php?rest_route=\/wp\/v2\/users\/1"}],"replies":[{"embeddable":true,"href":"https:\/\/primermomento.com\/index.php?rest_route=%2Fwp%2Fv2%2Fcomments&post=465254"}],"version-history":[{"count":1,"href":"https:\/\/primermomento.com\/index.php?rest_route=\/wp\/v2\/posts\/465254\/revisions"}],"predecessor-version":[{"id":465256,"href":"https:\/\/primermomento.com\/index.php?rest_route=\/wp\/v2\/posts\/465254\/revisions\/465256"}],"wp:featuredmedia":[{"embeddable":true,"href":"https:\/\/primermomento.com\/index.php?rest_route=\/wp\/v2\/media\/465255"}],"wp:attachment":[{"href":"https:\/\/primermomento.com\/index.php?rest_route=%2Fwp%2Fv2%2Fmedia&parent=465254"}],"wp:term":[{"taxonomy":"category","embeddable":true,"href":"https:\/\/primermomento.com\/index.php?rest_route=%2Fwp%2Fv2%2Fcategories&post=465254"},{"taxonomy":"post_tag","embeddable":true,"href":"https:\/\/primermomento.com\/index.php?rest_route=%2Fwp%2Fv2%2Ftags&post=465254"}],"curies":[{"name":"wp","href":"https:\/\/api.w.org\/{rel}","templated":true}]}}