{"id":465288,"date":"2026-04-26T12:32:52","date_gmt":"2026-04-26T16:32:52","guid":{"rendered":"https:\/\/primermomento.com\/?p=465288"},"modified":"2026-04-26T16:41:56","modified_gmt":"2026-04-26T20:41:56","slug":"cancelaron-cena-de-corresponsales-de-la-casa-blanca-tras-tiroteo","status":"publish","type":"post","link":"https:\/\/primermomento.com\/?p=465288","title":{"rendered":"Cancelaron cena de corresponsales de la Casa Blanca tras tiroteo"},"content":{"rendered":"<p><strong><em>Por <span style=\"color: #ff0000;\">Prensa Latina<\/span><\/em><\/strong><\/p>\n<p>Washington, EEUU.- La Cena de la Asociaci\u00f3n de Corresponsales de la Casa Blanca a la que asist\u00eda el presidente de Estados Unidos, Donald Trump, fue cancelada tras un tiroteo en los exteriores del edificio donde se celebraba el evento.<\/p>\n<p>Un hombre armado abri\u00f3 fuego en el \u00e1rea del lujoso hotel Washington Hilton, de esta capital, donde Trump, su esposa Melania, y varios miembros de su gabinete asist\u00edan a la cena que se realiza con car\u00e1cter anual.<\/p>\n<p>Weijia Jiang, presidenta de la Asociaci\u00f3n, inform\u00f3 que todos resultaron ilesos y que m\u00e1s adelante el mandatario ofrecer\u00eda una conferencia de prensa.<\/p>\n<p>\u00abEso no es una broma\u00bb, coment\u00f3 Jiang poco despu\u00e9s de que la escena festiva se transformara en una de p\u00e1nico.<\/p>\n<p>Dijo que el presidente Trump deseaba continuar con la cena, pero que deb\u00eda acatar los protocolos de seguridad. \u00abEl periodismo es un servicio p\u00fablico, porque cuando surge una emergencia, corremos hacia la crisis, no nos alejamos de ella\u00bb, afirm\u00f3 al se\u00f1alar que \u00aben una noche en la que reflexionamos sobre las libertades de la Primera Enmienda, debemos considerar tambi\u00e9n cu\u00e1n fr\u00e1giles son\u00bb.<\/p>\n<p>Trump fue evacuado apresuradamente por el Servicio Secreto de la cena, en la que participaba por primera vez como presidente de Estados Unidos.<\/p>\n<p>La evacuaci\u00f3n se produjo poco despu\u00e9s de las 20:30 (hora del Este), inmediatamente despu\u00e9s de lo que parecieron ser fuertes estruendos, lo que provoc\u00f3 el temor y la dispersi\u00f3n de quienes estaban en el sal\u00f3n de banquetes del hotel.<\/p>\n<p>Im\u00e1genes difundidas aqu\u00ed mostraron a militares fuertemente armados sobre el escenario y a los invitados que trataban de cubrirse lanz\u00e1ndose al suelo en los primeros momentos.<\/p>\n<p>Tambi\u00e9n fueron evacuados el vicepresidente J. D. Vance y algunos miembros del gabinete que participaban en la cena.<\/p>\n<p>La noticia circul\u00f3 de inmediato en las televisoras y redes sociales. El presidente est\u00e1 a salvo.<\/p>\n<p>\u00abMenuda noche la que hemos vivido en Washington D. C. El Servicio Secreto y las fuerzas del orden han hecho un trabajo fant\u00e1stico. Han actuado con rapidez y valent\u00eda. El autor de los disparos ha sido detenido\u00bb, escribi\u00f3 Trump en su red Truth Social.<\/p>\n<p>En otro mensaje, el ocupante del Despacho Oval afirm\u00f3 que la cena la reprogramar\u00e1n dentro de 30 d\u00edas.<\/p>\n","protected":false},"excerpt":{"rendered":"<p>Por Prensa Latina Washington, EEUU.- La Cena de la Asociaci\u00f3n de Corresponsales de la Casa Blanca a la que asist\u00eda el presidente de Estados Unidos, Donald Trump, fue cancelada tras un tiroteo en los exteriores del edificio donde se celebraba el evento. Un hombre armado abri\u00f3 fuego en el \u00e1rea del lujoso hotel Washington Hilton, [&hellip;]<\/p>\n","protected":false},"author":1,"featured_media":465289,"comment_status":"open","ping_status":"open","sticky":false,"template":"","format":"standard","meta":{"_bbp_topic_count":0,"_bbp_reply_count":0,"_bbp_total_topic_count":0,"_bbp_total_reply_count":0,"_bbp_voice_count":0,"_bbp_anonymous_reply_count":0,"_bbp_topic_count_hidden":0,"_bbp_reply_count_hidden":0,"_bbp_forum_subforum_count":0,"footnotes":""},"categories":[61],"tags":[],"class_list":{"0":"post-465288","1":"post","2":"type-post","3":"status-publish","4":"format-standard","5":"has-post-thumbnail","7":"category-mundo"},"_links":{"self":[{"href":"https:\/\/primermomento.com\/index.php?rest_route=\/wp\/v2\/posts\/465288","targetHints":{"allow":["GET"]}}],"collection":[{"href":"https:\/\/primermomento.com\/index.php?rest_route=\/wp\/v2\/posts"}],"about":[{"href":"https:\/\/primermomento.com\/index.php?rest_route=\/wp\/v2\/types\/post"}],"author":[{"embeddable":true,"href":"https:\/\/primermomento.com\/index.php?rest_route=\/wp\/v2\/users\/1"}],"replies":[{"embeddable":true,"href":"https:\/\/primermomento.com\/index.php?rest_route=%2Fwp%2Fv2%2Fcomments&post=465288"}],"version-history":[{"count":1,"href":"https:\/\/primermomento.com\/index.php?rest_route=\/wp\/v2\/posts\/465288\/revisions"}],"predecessor-version":[{"id":465290,"href":"https:\/\/primermomento.com\/index.php?rest_route=\/wp\/v2\/posts\/465288\/revisions\/465290"}],"wp:featuredmedia":[{"embeddable":true,"href":"https:\/\/primermomento.com\/index.php?rest_route=\/wp\/v2\/media\/465289"}],"wp:attachment":[{"href":"https:\/\/primermomento.com\/index.php?rest_route=%2Fwp%2Fv2%2Fmedia&parent=465288"}],"wp:term":[{"taxonomy":"category","embeddable":true,"href":"https:\/\/primermomento.com\/index.php?rest_route=%2Fwp%2Fv2%2Fcategories&post=465288"},{"taxonomy":"post_tag","embeddable":true,"href":"https:\/\/primermomento.com\/index.php?rest_route=%2Fwp%2Fv2%2Ftags&post=465288"}],"curies":[{"name":"wp","href":"https:\/\/api.w.org\/{rel}","templated":true}]}}