{"id":465300,"date":"2026-04-26T13:45:28","date_gmt":"2026-04-26T17:45:28","guid":{"rendered":"https:\/\/primermomento.com\/?p=465300"},"modified":"2026-04-26T15:09:57","modified_gmt":"2026-04-26T19:09:57","slug":"procuraduria-general-de-la-republica-abre-nueva-unidad-de-atencion-a-victimas","status":"publish","type":"post","link":"https:\/\/primermomento.com\/?p=465300","title":{"rendered":"Procuradur\u00eda general de la Rep\u00fablica abre nueva unidad de atenci\u00f3n a v\u00edctimas"},"content":{"rendered":"<p><strong><em>Por<span style=\"color: #ff0000;\"> Prensa Latina<\/span><\/em><\/strong><\/p>\n<p>SANTO DOMINGO, Rep\u00fablica Dominicana.- La procuradora general de Rep\u00fablica Dominicana, Yeni Berenice, inaugur\u00f3 hoy en Jarabacoa una Unidad de Atenci\u00f3n Integral a V\u00edctimas de Violencia de G\u00e9nero, Intrafamiliar y Delitos Sexuales, como parte de la expansi\u00f3n de los servicios del Ministerio P\u00fablico.<\/p>\n<div class=\"elementor-element elementor-element-0aea3a0 elementor-widget elementor-widget-theme-post-content\" data-id=\"0aea3a0\" data-element_type=\"widget\" data-e-type=\"widget\" data-widget_type=\"theme-post-content.default\">\n<div class=\"elementor-widget-container\">\n<p>Durante el acto, la magistrada destac\u00f3 que en el primer trimestre de 2026 se han registrado 17 mil 525 denuncias por violencia de g\u00e9nero, intrafamiliar y delitos sexuales en el pa\u00eds, reflejando la magnitud de esta problem\u00e1tica. Asimismo, revel\u00f3 que el a\u00f1o pasado se recibieron m\u00e1s de 73 mil casos.<\/p>\n<p>Reynoso subray\u00f3 que el Ministerio P\u00fablico ha abierto 37 oficinas del Servicio Legal de Representaci\u00f3n de V\u00edctimas (Relevic) con 142 abogados que brindan asistencia gratuita a personas sin recursos, con el compromiso de ofrecer atenci\u00f3n integral y cercana a las comunidades.<\/p>\n<p>En Jarabacoa (en la regi\u00f3n norte), las autoridades contabilizan 81 denuncias en lo que va de a\u00f1o: 18 por violencia de g\u00e9nero, 42 por maltrato intrafamiliar y 21 por delitos sexuales, incluyendo agresiones, violaciones, acoso, sustracci\u00f3n y seducci\u00f3n de menores.<\/p>\n<p>La procuradora enfatiz\u00f3 la necesidad de enfrentar la violencia desde la familia y la educaci\u00f3n, y advirti\u00f3 que m\u00e1s del 85 por ciento de los ni\u00f1os expuestos a entornos violentos tienden a replicar estas conductas. Indic\u00f3 adem\u00e1s que seis de cada diez homicidios en el pa\u00eds surgen de conflictos que pudieron resolverse mediante el di\u00e1logo.<\/p>\n<p>\u201cTenemos que unirnos como sociedad y detener esa ola de violencia\u201d, expres\u00f3, al tiempo que reiter\u00f3 su visi\u00f3n de un Ministerio P\u00fablico centrado en las personas, enfocado en la prevenci\u00f3n, el acompa\u00f1amiento comunitario y la transformaci\u00f3n institucional.<\/p>\n<p>En la actividad participaron autoridades civiles, militares y judiciales, as\u00ed como representantes comunitarios y religiosos, quienes valoraron la apertura de estos servicios como un paso clave para mejorar la atenci\u00f3n a las v\u00edctimas y fortalecer la respuesta del Estado.<\/p>\n<\/div>\n<\/div>\n<div class=\"elementor-element elementor-element-4f75016 elementor-widget elementor-widget-post-info\" data-id=\"4f75016\" data-element_type=\"widget\" data-e-type=\"widget\" data-widget_type=\"post-info.default\">\n<div class=\"elementor-widget-container\">\n<ul class=\"elementor-inline-items elementor-icon-list-items elementor-post-info\">\n<li class=\"elementor-icon-list-item elementor-repeater-item-17dda3e elementor-inline-item\"><em><span class=\"elementor-icon-list-text elementor-post-info__item elementor-post-info__item--type-custom\">#<a href=\"https:\/\/primermomento.com\/?p=465300\" rel=\"tag\">atenci\u00f3n a v\u00edctimas<\/a>\u00a0#<a href=\"https:\/\/primermomento.com\/?p=465300\" rel=\"tag\">Jarabacoa<\/a><\/span><\/em><\/li>\n<\/ul>\n<\/div>\n<\/div>\n","protected":false},"excerpt":{"rendered":"<p>Por Prensa Latina SANTO DOMINGO, Rep\u00fablica Dominicana.- La procuradora general de Rep\u00fablica Dominicana, Yeni Berenice, inaugur\u00f3 hoy en Jarabacoa una Unidad de Atenci\u00f3n Integral a V\u00edctimas de Violencia de G\u00e9nero, Intrafamiliar y Delitos Sexuales, como parte de la expansi\u00f3n de los servicios del Ministerio P\u00fablico. Durante el acto, la magistrada destac\u00f3 que en el primer [&hellip;]<\/p>\n","protected":false},"author":1,"featured_media":465312,"comment_status":"open","ping_status":"open","sticky":false,"template":"","format":"standard","meta":{"_bbp_topic_count":0,"_bbp_reply_count":0,"_bbp_total_topic_count":0,"_bbp_total_reply_count":0,"_bbp_voice_count":0,"_bbp_anonymous_reply_count":0,"_bbp_topic_count_hidden":0,"_bbp_reply_count_hidden":0,"_bbp_forum_subforum_count":0,"footnotes":""},"categories":[30],"tags":[],"class_list":{"0":"post-465300","1":"post","2":"type-post","3":"status-publish","4":"format-standard","5":"has-post-thumbnail","7":"category-actualidad"},"_links":{"self":[{"href":"https:\/\/primermomento.com\/index.php?rest_route=\/wp\/v2\/posts\/465300","targetHints":{"allow":["GET"]}}],"collection":[{"href":"https:\/\/primermomento.com\/index.php?rest_route=\/wp\/v2\/posts"}],"about":[{"href":"https:\/\/primermomento.com\/index.php?rest_route=\/wp\/v2\/types\/post"}],"author":[{"embeddable":true,"href":"https:\/\/primermomento.com\/index.php?rest_route=\/wp\/v2\/users\/1"}],"replies":[{"embeddable":true,"href":"https:\/\/primermomento.com\/index.php?rest_route=%2Fwp%2Fv2%2Fcomments&post=465300"}],"version-history":[{"count":1,"href":"https:\/\/primermomento.com\/index.php?rest_route=\/wp\/v2\/posts\/465300\/revisions"}],"predecessor-version":[{"id":465301,"href":"https:\/\/primermomento.com\/index.php?rest_route=\/wp\/v2\/posts\/465300\/revisions\/465301"}],"wp:featuredmedia":[{"embeddable":true,"href":"https:\/\/primermomento.com\/index.php?rest_route=\/wp\/v2\/media\/465312"}],"wp:attachment":[{"href":"https:\/\/primermomento.com\/index.php?rest_route=%2Fwp%2Fv2%2Fmedia&parent=465300"}],"wp:term":[{"taxonomy":"category","embeddable":true,"href":"https:\/\/primermomento.com\/index.php?rest_route=%2Fwp%2Fv2%2Fcategories&post=465300"},{"taxonomy":"post_tag","embeddable":true,"href":"https:\/\/primermomento.com\/index.php?rest_route=%2Fwp%2Fv2%2Ftags&post=465300"}],"curies":[{"name":"wp","href":"https:\/\/api.w.org\/{rel}","templated":true}]}}