{"id":465302,"date":"2026-04-26T10:46:15","date_gmt":"2026-04-26T14:46:15","guid":{"rendered":"https:\/\/primermomento.com\/?p=465302"},"modified":"2026-04-26T13:49:23","modified_gmt":"2026-04-26T17:49:23","slug":"dominicana-feria-regional-libro-impulsa-descentralizacion-cultural","status":"publish","type":"post","link":"https:\/\/primermomento.com\/?p=465302","title":{"rendered":"Dominicana: Feria regional Libro impulsa descentralizaci\u00f3n cultural"},"content":{"rendered":"<p><em><strong>Por<span style=\"color: #ff0000;\"> Prensa Latina<\/span><\/strong><\/em><\/p>\n<p>SANTIAGO, Rep\u00fablica Dominicana.- La Feria Regional del Libro consolida la descentralizaci\u00f3n cultural en la Rep\u00fablica Dominicana, al convertir a la provincia Santiago de los Caballeros en un espacio que re\u00fane hasta hoy la diversidad cultural del Cibao.<\/p>\n<div class=\"elementor-element elementor-element-0aea3a0 elementor-widget elementor-widget-theme-post-content\" data-id=\"0aea3a0\" data-element_type=\"widget\" data-e-type=\"widget\" data-widget_type=\"theme-post-content.default\">\n<div class=\"elementor-widget-container\">\n<p>El presidente dominicano, Luis Abinader, junto al ministro de Cultura Roberto \u00c1ngel Salcedo, recorri\u00f3 la v\u00edspera la Feria en esa localidad del norte del pa\u00eds, donde destac\u00f3 el impacto de esta iniciativa.<\/p>\n<p>Durante su visita al Gran Teatro del Cibao, el mandatario visit\u00f3 los distintos pabellones, entre ellos el Regional \u2014que integra a las 14 provincias cibae\u00f1as\u2014, as\u00ed como \u00e1reas de librer\u00edas y editoriales, identidad y ciudadan\u00eda, c\u00f3mic, infantil, artesan\u00eda y gastronom\u00eda, resaltando la riqueza cultural y creativa expuesta.<\/p>\n<p>El jefe de Estado invit\u00f3 a los residentes de Santiago de los Caballeros y de toda la regi\u00f3n norte a asistir al evento, que concluye este domingo.<\/p>\n<p>Un coloquio sobre el Panorama de la dramaturgia en el Cibao, Teatro de Calle, un cinef\u00f3rum familiar y un taller de escritura y expresi\u00f3n creativa que reafirm\u00f3 el valor del libro como puente hacia el conocimiento y la imaginaci\u00f3n fueron algunas de las propuestas de este s\u00e1bado.<\/p>\n<p>\u201cHay un pedacito de cada provincia del Cibao; aqu\u00ed hay un pedacito de cada cultura\u201d, expres\u00f3, al tiempo que valor\u00f3 la feria como una de las m\u00e1s grandes realizadas en Santiago.<\/p>\n<p>La programaci\u00f3n de este domingo contin\u00faa con una agenda diversa e inclusiva, dise\u00f1ada para todos los p\u00fablicos, que integra presentaciones, talleres, lecturas y espacios de encuentro dedicados a celebrar el libro y la cultura.<\/p>\n<p>Este s\u00e1bado el dignatario instruy\u00f3 al Ministerio de Cultura a institucionalizar la celebraci\u00f3n anual de esta feria en la ciudad, como parte de una pol\u00edtica de descentralizaci\u00f3n cultural y de fortalecimiento del acceso a la lectura.<\/p>\n<p>El evento, que se desarroll\u00f3 durante una semana, incluy\u00f3 m\u00e1s de 250 actividades entre presentaciones de libros, talleres, conversatorios con autores, recitales, proyecci\u00f3n de pel\u00edculas y espect\u00e1culos art\u00edsticos, con un estimado de asistencia que super\u00f3 las 120 mil personas.<\/p>\n<\/div>\n<\/div>\n<div class=\"elementor-element elementor-element-4f75016 elementor-widget elementor-widget-post-info\" data-id=\"4f75016\" data-element_type=\"widget\" data-e-type=\"widget\" data-widget_type=\"post-info.default\">\n<div class=\"elementor-widget-container\">\n<ul class=\"elementor-inline-items elementor-icon-list-items elementor-post-info\">\n<li class=\"elementor-icon-list-item elementor-repeater-item-17dda3e elementor-inline-item\"><span class=\"elementor-icon-list-text elementor-post-info__item elementor-post-info__item--type-custom\">#<em><a href=\"https:\/\/primermomento.com\/?p=465302\" rel=\"tag\">descentralizaci\u00f3n cultural<\/a><\/em><\/span><\/li>\n<\/ul>\n<\/div>\n<\/div>\n","protected":false},"excerpt":{"rendered":"<p>Por Prensa Latina SANTIAGO, Rep\u00fablica Dominicana.- La Feria Regional del Libro consolida la descentralizaci\u00f3n cultural en la Rep\u00fablica Dominicana, al convertir a la provincia Santiago de los Caballeros en un espacio que re\u00fane hasta hoy la diversidad cultural del Cibao. El presidente dominicano, Luis Abinader, junto al ministro de Cultura Roberto \u00c1ngel Salcedo, recorri\u00f3 la [&hellip;]<\/p>\n","protected":false},"author":1,"featured_media":465303,"comment_status":"open","ping_status":"open","sticky":false,"template":"","format":"standard","meta":{"_bbp_topic_count":0,"_bbp_reply_count":0,"_bbp_total_topic_count":0,"_bbp_total_reply_count":0,"_bbp_voice_count":0,"_bbp_anonymous_reply_count":0,"_bbp_topic_count_hidden":0,"_bbp_reply_count_hidden":0,"_bbp_forum_subforum_count":0,"footnotes":""},"categories":[39],"tags":[],"class_list":{"0":"post-465302","1":"post","2":"type-post","3":"status-publish","4":"format-standard","5":"has-post-thumbnail","7":"category-entretenimiento"},"_links":{"self":[{"href":"https:\/\/primermomento.com\/index.php?rest_route=\/wp\/v2\/posts\/465302","targetHints":{"allow":["GET"]}}],"collection":[{"href":"https:\/\/primermomento.com\/index.php?rest_route=\/wp\/v2\/posts"}],"about":[{"href":"https:\/\/primermomento.com\/index.php?rest_route=\/wp\/v2\/types\/post"}],"author":[{"embeddable":true,"href":"https:\/\/primermomento.com\/index.php?rest_route=\/wp\/v2\/users\/1"}],"replies":[{"embeddable":true,"href":"https:\/\/primermomento.com\/index.php?rest_route=%2Fwp%2Fv2%2Fcomments&post=465302"}],"version-history":[{"count":1,"href":"https:\/\/primermomento.com\/index.php?rest_route=\/wp\/v2\/posts\/465302\/revisions"}],"predecessor-version":[{"id":465304,"href":"https:\/\/primermomento.com\/index.php?rest_route=\/wp\/v2\/posts\/465302\/revisions\/465304"}],"wp:featuredmedia":[{"embeddable":true,"href":"https:\/\/primermomento.com\/index.php?rest_route=\/wp\/v2\/media\/465303"}],"wp:attachment":[{"href":"https:\/\/primermomento.com\/index.php?rest_route=%2Fwp%2Fv2%2Fmedia&parent=465302"}],"wp:term":[{"taxonomy":"category","embeddable":true,"href":"https:\/\/primermomento.com\/index.php?rest_route=%2Fwp%2Fv2%2Fcategories&post=465302"},{"taxonomy":"post_tag","embeddable":true,"href":"https:\/\/primermomento.com\/index.php?rest_route=%2Fwp%2Fv2%2Ftags&post=465302"}],"curies":[{"name":"wp","href":"https:\/\/api.w.org\/{rel}","templated":true}]}}