{"id":465305,"date":"2026-04-26T10:49:27","date_gmt":"2026-04-26T14:49:27","guid":{"rendered":"https:\/\/primermomento.com\/?p=465305"},"modified":"2026-04-26T13:51:51","modified_gmt":"2026-04-26T17:51:51","slug":"anuncian-congreso-de-medicina-y-dopaje-rumbo-a-jcc-santo-domingo-2026","status":"publish","type":"post","link":"https:\/\/primermomento.com\/?p=465305","title":{"rendered":"Anuncian Congreso de Medicina y Dopaje rumbo a JCC Santo Domingo 2026"},"content":{"rendered":"<p><strong><em>Por <span style=\"color: #ff0000;\">Prensa Latina<\/span><\/em><\/strong><\/p>\n<p>SANTO DOMINGO, Rep\u00fablica Dominicana.- El Comit\u00e9 Organizador de los Juegos Centroamericanos y del Caribe Santo Domingo 2026 anunci\u00f3 hoy la celebraci\u00f3n del Congreso de Medicina y Dopaje, el 4 de mayo, en el auditorio del Pabell\u00f3n de la Fama del Deporte Dominicano.<\/p>\n<div class=\"elementor-element elementor-element-0aea3a0 elementor-widget elementor-widget-theme-post-content\" data-id=\"0aea3a0\" data-element_type=\"widget\" data-e-type=\"widget\" data-widget_type=\"theme-post-content.default\">\n<div class=\"elementor-widget-container\">\n<p>El anuncio fue realizado por el doctor Milton Pinedo, gerente de Servicios M\u00e9dicos y Dopaje del evento, quien inform\u00f3 que el congreso se desarrollar\u00e1 bajo el lema \u201cCiencia al servicio del rendimiento deportivo y la salud\u201d.<\/p>\n<p>Se espera la participaci\u00f3n de unas 250 personas, entre ellas especialistas internacionales en medicina deportiva.<\/p>\n<p>Entre los conferencistas figuran Hans Larsen, presidente de la Comisi\u00f3n M\u00e9dica de Centro Caribe Sports; los doctores Walter Frontera y Anita Rivera, ambos de Puerto Rico; Manuel Villalobos, de Panam\u00e1; y Ronny Montes de Oca, de Cuba.<\/p>\n<p>Pinedo explic\u00f3 que durante la jornada se abordar\u00e1n temas clave relacionados con la atenci\u00f3n m\u00e9dica integral y el control de dopaje, \u00e1reas fundamentales para garantizar la seguridad, el rendimiento y la transparencia en las competencias.<\/p>\n<p>La actividad contar\u00e1 con la participaci\u00f3n, en el acto de apertura, de Jos\u00e9 P. Monegro, presidente del Comit\u00e9 Organizador; Luis Mej\u00eda Oviedo, presidente de Centro Caribe Sports; y el propio Pinedo.<\/p>\n<p>Adem\u00e1s, se prev\u00e9 la asistencia de representantes del Ministerio de Salud P\u00fablica, el Servicio Nacional de Salud, la Direcci\u00f3n de Atenci\u00f3n a Emergencias Extrahospitalarias y Promese\/Cal, entidad que suministrar\u00e1 los medicamentos requeridos durante los Juegos. Tambi\u00e9n participar\u00e1n miembros de la Federaci\u00f3n Dominicana de Medicina del Deporte.<\/p>\n<p>Los Juegos Centroamericanos y del Caribe Santo Domingo 2026 reunir\u00e1n a unos seis mil atletas de m\u00e1s de 30 pa\u00edses de la regi\u00f3n.<\/p>\n<p>El evento constituye la principal cita multideportiva de Centroam\u00e9rica y el Caribe, y representa un reto log\u00edstico y sanitario de gran escala para el pa\u00eds anfitri\u00f3n.<\/p>\n<p>En ese contexto, el Congreso de Medicina y Dopaje forma parte de las acciones de preparaci\u00f3n para asegurar est\u00e1ndares internacionales en materia de salud, prevenci\u00f3n y control antidopaje, elementos clave para el \u00e9xito de la justa deportiva.<\/p>\n<\/div>\n<\/div>\n<div class=\"elementor-element elementor-element-4f75016 elementor-widget elementor-widget-post-info\" data-id=\"4f75016\" data-element_type=\"widget\" data-e-type=\"widget\" data-widget_type=\"post-info.default\">\n<div class=\"elementor-widget-container\">\n<ul class=\"elementor-inline-items elementor-icon-list-items elementor-post-info\">\n<li class=\"elementor-icon-list-item elementor-repeater-item-17dda3e elementor-inline-item\"><em><span class=\"elementor-icon-list-text elementor-post-info__item elementor-post-info__item--type-custom\">#<a href=\"https:\/\/primermomento.com\/?p=465305\" rel=\"tag\">congreso de medicina y dopaje<\/a>\u00a0#<a href=\"https:\/\/primermomento.com\/?p=465305\" rel=\"tag\">Deporte<\/a><\/span><\/em><\/li>\n<\/ul>\n<\/div>\n<\/div>\n","protected":false},"excerpt":{"rendered":"<p>Por Prensa Latina SANTO DOMINGO, Rep\u00fablica Dominicana.- El Comit\u00e9 Organizador de los Juegos Centroamericanos y del Caribe Santo Domingo 2026 anunci\u00f3 hoy la celebraci\u00f3n del Congreso de Medicina y Dopaje, el 4 de mayo, en el auditorio del Pabell\u00f3n de la Fama del Deporte Dominicano. El anuncio fue realizado por el doctor Milton Pinedo, gerente [&hellip;]<\/p>\n","protected":false},"author":1,"featured_media":465306,"comment_status":"open","ping_status":"open","sticky":false,"template":"","format":"standard","meta":{"_bbp_topic_count":0,"_bbp_reply_count":0,"_bbp_total_topic_count":0,"_bbp_total_reply_count":0,"_bbp_voice_count":0,"_bbp_anonymous_reply_count":0,"_bbp_topic_count_hidden":0,"_bbp_reply_count_hidden":0,"_bbp_forum_subforum_count":0,"footnotes":""},"categories":[42],"tags":[],"class_list":{"0":"post-465305","1":"post","2":"type-post","3":"status-publish","4":"format-standard","5":"has-post-thumbnail","7":"category-deportes"},"_links":{"self":[{"href":"https:\/\/primermomento.com\/index.php?rest_route=\/wp\/v2\/posts\/465305","targetHints":{"allow":["GET"]}}],"collection":[{"href":"https:\/\/primermomento.com\/index.php?rest_route=\/wp\/v2\/posts"}],"about":[{"href":"https:\/\/primermomento.com\/index.php?rest_route=\/wp\/v2\/types\/post"}],"author":[{"embeddable":true,"href":"https:\/\/primermomento.com\/index.php?rest_route=\/wp\/v2\/users\/1"}],"replies":[{"embeddable":true,"href":"https:\/\/primermomento.com\/index.php?rest_route=%2Fwp%2Fv2%2Fcomments&post=465305"}],"version-history":[{"count":1,"href":"https:\/\/primermomento.com\/index.php?rest_route=\/wp\/v2\/posts\/465305\/revisions"}],"predecessor-version":[{"id":465307,"href":"https:\/\/primermomento.com\/index.php?rest_route=\/wp\/v2\/posts\/465305\/revisions\/465307"}],"wp:featuredmedia":[{"embeddable":true,"href":"https:\/\/primermomento.com\/index.php?rest_route=\/wp\/v2\/media\/465306"}],"wp:attachment":[{"href":"https:\/\/primermomento.com\/index.php?rest_route=%2Fwp%2Fv2%2Fmedia&parent=465305"}],"wp:term":[{"taxonomy":"category","embeddable":true,"href":"https:\/\/primermomento.com\/index.php?rest_route=%2Fwp%2Fv2%2Fcategories&post=465305"},{"taxonomy":"post_tag","embeddable":true,"href":"https:\/\/primermomento.com\/index.php?rest_route=%2Fwp%2Fv2%2Ftags&post=465305"}],"curies":[{"name":"wp","href":"https:\/\/api.w.org\/{rel}","templated":true}]}}