{"id":465308,"date":"2026-04-26T12:00:36","date_gmt":"2026-04-26T16:00:36","guid":{"rendered":"https:\/\/primermomento.com\/?p=465308"},"modified":"2026-04-26T15:08:53","modified_gmt":"2026-04-26T19:08:53","slug":"eeuuinquietante-alza-de-muertes-por-cancer-rectal-en-adultos-jovenes","status":"publish","type":"post","link":"https:\/\/primermomento.com\/?p=465308","title":{"rendered":"EEUU:Inquietante alza de muertes por c\u00e1ncer rectal en adultos j\u00f3venes"},"content":{"rendered":"<p><em><strong>Por <span style=\"color: #ff0000;\">Prensa Latina<\/span><\/strong><\/em><\/p>\n<p>Washington, EEUU.- Una inquietante tendencia al alza de muertes por c\u00e1ncer rectal se experimenta hoy entre los adultos m\u00e1s j\u00f3venes en Estados Unidos, seg\u00fan estudios recientes.<\/p>\n<div class=\"elementor-element elementor-element-0aea3a0 elementor-widget elementor-widget-theme-post-content\" data-id=\"0aea3a0\" data-element_type=\"widget\" data-e-type=\"widget\" data-widget_type=\"theme-post-content.default\">\n<div class=\"elementor-widget-container\">\n<p>El problema de salud desconcierta a los cient\u00edficos, quienes intentan comprender por qu\u00e9 la generaci\u00f3n \u201cmillennial\u201d se ve tan afectada y de acuerdo con los estudios, si esta incidencia contin\u00faa, para el a\u00f1o 2035 las muertes por ese tipo de c\u00e1ncer superar\u00e1n a los decesos por los tumores de colon.<\/p>\n<p>En la actualidad la principal causa de muerte por c\u00e1ncer en el pa\u00eds entre las personas menores de 50 a\u00f1os es por las patolog\u00edas malignas de colon, advierten datos de fuentes especializadas.<\/p>\n<p>\u201cLa tasa de c\u00e1ncer rectal parece estar aumentando entre dos y tres veces m\u00e1s en comparaci\u00f3n con el c\u00e1ncer de colon\u201d, afirm\u00f3 Mythili Menon Pathiyil, autora principal de un nuevo estudio y residente de gastroenterolog\u00eda en la SUNY Upstate Medical University en Syracuse, Nueva York, citada por NBC News.<\/p>\n<p>Seg\u00fan la Sociedad Americana contra el C\u00e1ncer (American Cancer Society), en 2026 se diagnosticar\u00e1n otros 158 mil 850 casos de c\u00e1ncer colorrectal.<\/p>\n<p>Se estima que unos 55 mil 230 pacientes fallecer\u00e1n por la enfermedad, y casi un tercio ser\u00e1 entre personas menores de 65 a\u00f1os. El c\u00e1ncer de colon y el rectal son similares, pero se originan en diferentes partes del tracto digestivo, indican los expertos.<\/p>\n<p>Desde finales de la d\u00e9cada de 1990 del pasado siglo, las tasas de c\u00e1ncer colorrectal vieron un incremento del tres por ciento anual en adultos menores de 50 a\u00f1os.<\/p>\n<p>\u201cSe trata de una crisis m\u00e9dica\u201d y \u201cno es algo que deba ignorarse, opin\u00f3 el doctor Ben Schlechter, onc\u00f3logo m\u00e9dico especializado en el tracto gastrointestinal del Instituto del C\u00e1ncer Dana-Farber en Boston, a tono con el propio medio de prensa.<\/p>\n<p>La investigaci\u00f3n de Pathiyil utiliz\u00f3 registros de defunci\u00f3n de los Centros para el Control y la Prevenci\u00f3n de Enfermedades (CDC) en el periodo comprendido entre 1999 y 2023, enfatizando en los individuos de 20 a 44 a\u00f1os.<\/p>\n<p>Un elemento de inter\u00e9s que arroj\u00f3 la investigaci\u00f3n es que los \u00edndices de crecimiento m\u00e1s r\u00e1pido de todos los grupos demogr\u00e1ficos analizados fue el de los adultos hispanos.<\/p>\n<\/div>\n<\/div>\n<div class=\"elementor-element elementor-element-4f75016 elementor-widget elementor-widget-post-info\" data-id=\"4f75016\" data-element_type=\"widget\" data-e-type=\"widget\" data-widget_type=\"post-info.default\">\n<div class=\"elementor-widget-container\">\n<ul class=\"elementor-inline-items elementor-icon-list-items elementor-post-info\">\n<li class=\"elementor-icon-list-item elementor-repeater-item-17dda3e elementor-inline-item\"><em><span class=\"elementor-icon-list-text elementor-post-info__item elementor-post-info__item--type-custom\">#<a href=\"https:\/\/primermomento.com\/?p=465308\" rel=\"tag\">C\u00e1ncer EEUU<\/a>\u00a0#<a href=\"https:\/\/primermomento.com\/?p=465308\" rel=\"tag\">C\u00e1ncer rectal<\/a><\/span><\/em><\/li>\n<\/ul>\n<\/div>\n<\/div>\n","protected":false},"excerpt":{"rendered":"<p>Por Prensa Latina Washington, EEUU.- Una inquietante tendencia al alza de muertes por c\u00e1ncer rectal se experimenta hoy entre los adultos m\u00e1s j\u00f3venes en Estados Unidos, seg\u00fan estudios recientes. El problema de salud desconcierta a los cient\u00edficos, quienes intentan comprender por qu\u00e9 la generaci\u00f3n \u201cmillennial\u201d se ve tan afectada y de acuerdo con los estudios, [&hellip;]<\/p>\n","protected":false},"author":1,"featured_media":465309,"comment_status":"open","ping_status":"open","sticky":false,"template":"","format":"standard","meta":{"_bbp_topic_count":0,"_bbp_reply_count":0,"_bbp_total_topic_count":0,"_bbp_total_reply_count":0,"_bbp_voice_count":0,"_bbp_anonymous_reply_count":0,"_bbp_topic_count_hidden":0,"_bbp_reply_count_hidden":0,"_bbp_forum_subforum_count":0,"footnotes":""},"categories":[36],"tags":[],"class_list":{"0":"post-465308","1":"post","2":"type-post","3":"status-publish","4":"format-standard","5":"has-post-thumbnail","7":"category-salud"},"_links":{"self":[{"href":"https:\/\/primermomento.com\/index.php?rest_route=\/wp\/v2\/posts\/465308","targetHints":{"allow":["GET"]}}],"collection":[{"href":"https:\/\/primermomento.com\/index.php?rest_route=\/wp\/v2\/posts"}],"about":[{"href":"https:\/\/primermomento.com\/index.php?rest_route=\/wp\/v2\/types\/post"}],"author":[{"embeddable":true,"href":"https:\/\/primermomento.com\/index.php?rest_route=\/wp\/v2\/users\/1"}],"replies":[{"embeddable":true,"href":"https:\/\/primermomento.com\/index.php?rest_route=%2Fwp%2Fv2%2Fcomments&post=465308"}],"version-history":[{"count":1,"href":"https:\/\/primermomento.com\/index.php?rest_route=\/wp\/v2\/posts\/465308\/revisions"}],"predecessor-version":[{"id":465310,"href":"https:\/\/primermomento.com\/index.php?rest_route=\/wp\/v2\/posts\/465308\/revisions\/465310"}],"wp:featuredmedia":[{"embeddable":true,"href":"https:\/\/primermomento.com\/index.php?rest_route=\/wp\/v2\/media\/465309"}],"wp:attachment":[{"href":"https:\/\/primermomento.com\/index.php?rest_route=%2Fwp%2Fv2%2Fmedia&parent=465308"}],"wp:term":[{"taxonomy":"category","embeddable":true,"href":"https:\/\/primermomento.com\/index.php?rest_route=%2Fwp%2Fv2%2Fcategories&post=465308"},{"taxonomy":"post_tag","embeddable":true,"href":"https:\/\/primermomento.com\/index.php?rest_route=%2Fwp%2Fv2%2Ftags&post=465308"}],"curies":[{"name":"wp","href":"https:\/\/api.w.org\/{rel}","templated":true}]}}