{"id":465339,"date":"2026-04-27T04:57:43","date_gmt":"2026-04-27T08:57:43","guid":{"rendered":"https:\/\/primermomento.com\/?p=465339"},"modified":"2026-04-27T04:57:43","modified_gmt":"2026-04-27T08:57:43","slug":"masivo-respaldo-en-manhattan-al-congresista-espaillat-para-su-reeleccion","status":"publish","type":"post","link":"https:\/\/primermomento.com\/?p=465339","title":{"rendered":"Masivo respaldo en Manhattan al congresista Espaillat para su reelecci\u00f3n"},"content":{"rendered":"<p><em><b>Por <span style=\"color: #ff0000;\">Ram\u00f3n Mercedes<\/span><\/b><\/em><\/p>\n<p>Nueva York, EEUU.- En una contundente demostraci\u00f3n de unidad pol\u00edtica y compromiso comunitario, el congresista Adriano Espaillat recibi\u00f3 un amplio respaldo multisectorial en un encuentro realizado en el Distrito 13 este fin de semana.<\/p>\n<p>L\u00edderes comunitarios, representantes de partidos dominicanos, organizaciones y diversos sectores se congregaron de cara a las elecciones primarias del pr\u00f3ximo 23 de junio.<\/p>\n<p>Durante su intervenci\u00f3n, Espaillat hizo un firme llamado a la unidad en un momento crucial para la di\u00e1spora.<\/p>\n<p>\u201cNo vamos a permitir que nos arrebaten lo que tanto nos ha costado construir. Esta comunidad ha escrito su historia con sacrificio, sudor e incluso sangre, y la defenderemos unidos\u201d, precis\u00f3.<\/p>\n<p>\u201cSi no tienes un asiento en la mesa donde se toman las decisiones, est\u00e1s en el men\u00fa\u201d, advirti\u00f3 el congresista, al se\u00f1alar los desaf\u00edos pol\u00edticos y econ\u00f3micos que enfrenta la comunidad dominicana.<\/p>\n<p>El evento cont\u00f3 con la participaci\u00f3n de representantes del PRM, PLD, FP, el proyecto \u201c300 con Leonel\u201d, PRD y PRSC, as\u00ed como l\u00edderes comunitarios, empresarios, profesionales de la salud, activistas y j\u00f3venes, mostrando una s\u00f3lida integraci\u00f3n en torno al proceso pol\u00edtico.<\/p>\n<p>El asamble\u00edsta George \u00c1lvarez fue uno de los oradores m\u00e1s destacados, resaltando la cohesi\u00f3n lograda.<\/p>\n<p>\u201cEste es un momento especial. La unidad que vemos hoy es genuina. Todos los sectores est\u00e1n trabajando juntos en una misma direcci\u00f3n\u201d, afirm\u00f3.<\/p>\n<p>Desde el liderazgo comunitario, Paola Mart\u00ednez subray\u00f3 el impacto generacional del congresista.<\/p>\n<p>Por su parte, Mariel de la Cruz insisti\u00f3 en la acci\u00f3n directa: \u201cNo basta con apoyar; hay que actuar. Dos o tres horas semanales pueden marcar la diferencia en esta elecci\u00f3n\u201d, puntualiz\u00f3.<\/p>\n<p>El respaldo multisectorial incluy\u00f3 la presencia de destacados l\u00edderes comunitarios y profesionales, como Arturo Ortiz, Francisco Spies, Elida Almonte, Jos\u00e9 Van Troy, Steve Santana, Elieser Bueno y el doctor Fajardo.<\/p>\n<p>Tambi\u00e9n intervinieron los concejales Oswald Feliz, Carmen de la Rosa, el asamble\u00edsta Manny de los Santos y Cirilo Moronta, entre otros.<\/p>\n<p>En sus palabras de cierre, Espaillat agradeci\u00f3 el apoyo recibido y reiter\u00f3 su llamado a la acci\u00f3n colectiva, destacando el compromiso de quienes siguen activos en el trabajo comunitario.<\/p>\n<p>El encuentro concluy\u00f3 con una jornada de movilizaci\u00f3n, donde los asistentes salieron organizados a tocar puertas, reafirmando su compromiso con la participaci\u00f3n y la defensa de la representaci\u00f3n pol\u00edtica de la comunidad dominicana.<\/p>\n","protected":false},"excerpt":{"rendered":"<p>Por Ram\u00f3n Mercedes Nueva York, EEUU.- En una contundente demostraci\u00f3n de unidad pol\u00edtica y compromiso comunitario, el congresista Adriano Espaillat recibi\u00f3 un amplio respaldo multisectorial en un encuentro realizado en el Distrito 13 este fin de semana. L\u00edderes comunitarios, representantes de partidos dominicanos, organizaciones y diversos sectores se congregaron de cara a las elecciones primarias [&hellip;]<\/p>\n","protected":false},"author":1,"featured_media":465340,"comment_status":"open","ping_status":"open","sticky":false,"template":"","format":"standard","meta":{"_bbp_topic_count":0,"_bbp_reply_count":0,"_bbp_total_topic_count":0,"_bbp_total_reply_count":0,"_bbp_voice_count":0,"_bbp_anonymous_reply_count":0,"_bbp_topic_count_hidden":0,"_bbp_reply_count_hidden":0,"_bbp_forum_subforum_count":0,"footnotes":""},"categories":[31],"tags":[],"class_list":{"0":"post-465339","1":"post","2":"type-post","3":"status-publish","4":"format-standard","5":"has-post-thumbnail","7":"category-estados-unidos"},"_links":{"self":[{"href":"https:\/\/primermomento.com\/index.php?rest_route=\/wp\/v2\/posts\/465339","targetHints":{"allow":["GET"]}}],"collection":[{"href":"https:\/\/primermomento.com\/index.php?rest_route=\/wp\/v2\/posts"}],"about":[{"href":"https:\/\/primermomento.com\/index.php?rest_route=\/wp\/v2\/types\/post"}],"author":[{"embeddable":true,"href":"https:\/\/primermomento.com\/index.php?rest_route=\/wp\/v2\/users\/1"}],"replies":[{"embeddable":true,"href":"https:\/\/primermomento.com\/index.php?rest_route=%2Fwp%2Fv2%2Fcomments&post=465339"}],"version-history":[{"count":1,"href":"https:\/\/primermomento.com\/index.php?rest_route=\/wp\/v2\/posts\/465339\/revisions"}],"predecessor-version":[{"id":465341,"href":"https:\/\/primermomento.com\/index.php?rest_route=\/wp\/v2\/posts\/465339\/revisions\/465341"}],"wp:featuredmedia":[{"embeddable":true,"href":"https:\/\/primermomento.com\/index.php?rest_route=\/wp\/v2\/media\/465340"}],"wp:attachment":[{"href":"https:\/\/primermomento.com\/index.php?rest_route=%2Fwp%2Fv2%2Fmedia&parent=465339"}],"wp:term":[{"taxonomy":"category","embeddable":true,"href":"https:\/\/primermomento.com\/index.php?rest_route=%2Fwp%2Fv2%2Fcategories&post=465339"},{"taxonomy":"post_tag","embeddable":true,"href":"https:\/\/primermomento.com\/index.php?rest_route=%2Fwp%2Fv2%2Ftags&post=465339"}],"curies":[{"name":"wp","href":"https:\/\/api.w.org\/{rel}","templated":true}]}}