{"id":465360,"date":"2026-04-27T04:59:26","date_gmt":"2026-04-27T08:59:26","guid":{"rendered":"https:\/\/primermomento.com\/?p=465360"},"modified":"2026-04-27T06:32:37","modified_gmt":"2026-04-27T10:32:37","slug":"acusaran-a-tirador-en-cena-de-corresponsales-de-la-casa-blanca","status":"publish","type":"post","link":"https:\/\/primermomento.com\/?p=465360","title":{"rendered":"Acusar\u00e1n a tirador en cena de corresponsales de la Casa Blanca"},"content":{"rendered":"<p><em><strong>Por<span style=\"color: #ff0000;\"> Prensa Latina<\/span><\/strong><\/em><\/p>\n<p>Washington, EEUU.- Cole Tomas Allen, el presunto tirador que convirti\u00f3 en caos la cena de la Asociaci\u00f3n de Corresponsales de la Casa Blanca en la que participaba el presidente de Estados Unidos, Donald Trump, ser\u00e1 acusado hoy formalmente.<\/p>\n<p>Allen, de 31 a\u00f1os y residente en California, identificado como un ingeniero mec\u00e1nico, especialista en inform\u00e1tica, desarrollador de videojuegos y profesor, ser\u00e1 imputado este lunes por uso de arma de fuego durante un delito violento y agresi\u00f3n a un agente federal con un arma peligrosa, dijo el fiscal general interino de Estados Unidos, Todd Blanche.<\/p>\n<p>Igualmente, Blanche se\u00f1al\u00f3 la v\u00edspera que tambi\u00e9n podr\u00edan presentarse cargos adicionales seg\u00fan el m\u00f3vil del ataque y de las pruebas que se encuentren durante la investigaci\u00f3n que actualmente est\u00e1 en curso.<\/p>\n<p>Las autoridades encontraron ret\u00f3rica anti-Trump y anticristiana en las redes sociales de Allen y antes del ataque envi\u00f3 algunos mensajes a familiares, uno de los cuales alert\u00f3 a las autoridades, indic\u00f3 CBS News.<\/p>\n<p>Se dice que Allen pas\u00f3 mucho tiempo adquiriendo armas de forma secreta entre ellas compr\u00f3 una escopeta a un vendedor de esos artefactos en Torrance, California, ocho meses antes del atentado y una pistola semiautom\u00e1tica dos a\u00f1os antes.<\/p>\n<p>El representante Ro Khanna (dem\u00f3crata de California) inst\u00f3 ayer a los legisladores a crear una comisi\u00f3n nacional bipartidista sobre la violencia pol\u00edtica luego del incidente armado durante la cena anual de corresponsales.<\/p>\n<p>\u201cVer a periodistas (\u2026) agach\u00e1ndose bajo las mesas fue simplemente horroroso\u201d, apunt\u00f3 Khanna en el programa \u2018Meet the Press\u2019 de la NBC.<\/p>\n<p>El tiroteo del pasado s\u00e1bado en el hotel Washington, sede del evento anual de la prensa, reaviv\u00f3 en todo el pa\u00eds el debate sobre la violencia pol\u00edtica, la cual, a juicio de los estadounidenses, se dispar\u00f3 en los \u00faltimos a\u00f1os.<\/p>\n<p>El incidente durante el evento period\u00edstico m\u00e1s visible del a\u00f1o en Estados Unidos ocurri\u00f3 en el lobby del hotel y no se reportaron heridos entre los m\u00e1s de dos mil asistentes.<\/p>\n<p>Trump fue evacuado apresuradamente por el Servicio Secreto de la cena, en la que participaba por primera vez como presidente de Estados Unidos.<\/p>\n<p>El Hotel Washington Hilton tiene un precedente hist\u00f3rico que se recuerda ahora: el 30 de marzo de 1981 fue escenario del atentado perpetrado por John Hinckley Jr. contra el entonces presidente republicano Ronald Reagan y ello oblig\u00f3 a una revisi\u00f3n de los protocolos de seguridad presidencial.<\/p>\n<p>Este hecho se suma a una serie de incidentes de seguridad a los que habr\u00eda estado expuesto Trump en los \u00faltimos dos a\u00f1os: en julio de 2024, cuando a\u00fan era candidato presidencial, trataron de matarlo, pero solo sufri\u00f3 un rasgu\u00f1o en una de sus orejas y en septiembre del propio a\u00f1o, Ryan Routh -sentenciado a cadena perpetua- logr\u00f3 acceder al per\u00edmetro del club de golf en Mar-a-Lago, apuntando con un rifle que no lleg\u00f3 a accionar.<\/p>\n<p>El pasado mes de febrero, otro hombre armado trat\u00f3 de ingresar al \u00e1rea de Mar-a-Lago, pero fue abatido por el Servicio Secreto.<\/p>\n","protected":false},"excerpt":{"rendered":"<p>Por Prensa Latina Washington, EEUU.- Cole Tomas Allen, el presunto tirador que convirti\u00f3 en caos la cena de la Asociaci\u00f3n de Corresponsales de la Casa Blanca en la que participaba el presidente de Estados Unidos, Donald Trump, ser\u00e1 acusado hoy formalmente. Allen, de 31 a\u00f1os y residente en California, identificado como un ingeniero mec\u00e1nico, especialista [&hellip;]<\/p>\n","protected":false},"author":1,"featured_media":465361,"comment_status":"open","ping_status":"open","sticky":false,"template":"","format":"standard","meta":{"_bbp_topic_count":0,"_bbp_reply_count":0,"_bbp_total_topic_count":0,"_bbp_total_reply_count":0,"_bbp_voice_count":0,"_bbp_anonymous_reply_count":0,"_bbp_topic_count_hidden":0,"_bbp_reply_count_hidden":0,"_bbp_forum_subforum_count":0,"footnotes":""},"categories":[61],"tags":[],"class_list":{"0":"post-465360","1":"post","2":"type-post","3":"status-publish","4":"format-standard","5":"has-post-thumbnail","7":"category-mundo"},"_links":{"self":[{"href":"https:\/\/primermomento.com\/index.php?rest_route=\/wp\/v2\/posts\/465360","targetHints":{"allow":["GET"]}}],"collection":[{"href":"https:\/\/primermomento.com\/index.php?rest_route=\/wp\/v2\/posts"}],"about":[{"href":"https:\/\/primermomento.com\/index.php?rest_route=\/wp\/v2\/types\/post"}],"author":[{"embeddable":true,"href":"https:\/\/primermomento.com\/index.php?rest_route=\/wp\/v2\/users\/1"}],"replies":[{"embeddable":true,"href":"https:\/\/primermomento.com\/index.php?rest_route=%2Fwp%2Fv2%2Fcomments&post=465360"}],"version-history":[{"count":1,"href":"https:\/\/primermomento.com\/index.php?rest_route=\/wp\/v2\/posts\/465360\/revisions"}],"predecessor-version":[{"id":465362,"href":"https:\/\/primermomento.com\/index.php?rest_route=\/wp\/v2\/posts\/465360\/revisions\/465362"}],"wp:featuredmedia":[{"embeddable":true,"href":"https:\/\/primermomento.com\/index.php?rest_route=\/wp\/v2\/media\/465361"}],"wp:attachment":[{"href":"https:\/\/primermomento.com\/index.php?rest_route=%2Fwp%2Fv2%2Fmedia&parent=465360"}],"wp:term":[{"taxonomy":"category","embeddable":true,"href":"https:\/\/primermomento.com\/index.php?rest_route=%2Fwp%2Fv2%2Fcategories&post=465360"},{"taxonomy":"post_tag","embeddable":true,"href":"https:\/\/primermomento.com\/index.php?rest_route=%2Fwp%2Fv2%2Ftags&post=465360"}],"curies":[{"name":"wp","href":"https:\/\/api.w.org\/{rel}","templated":true}]}}