{"id":465369,"date":"2026-04-27T05:01:13","date_gmt":"2026-04-27T09:01:13","guid":{"rendered":"https:\/\/primermomento.com\/?p=465369"},"modified":"2026-04-27T08:39:25","modified_gmt":"2026-04-27T12:39:25","slug":"acuerdo-garantizara-movilidad-y-seguridad-vial-en-jcc-santo-domingo","status":"publish","type":"post","link":"https:\/\/primermomento.com\/?p=465369","title":{"rendered":"Acuerdo garantizar\u00e1 movilidad y seguridad vial en JCC Santo Domingo"},"content":{"rendered":"<p><em><strong>Por <span style=\"color: #ff0000;\">Prensa Latina<\/span><\/strong><\/em><\/p>\n<p>SANTO DOMINGO, Rep\u00fablica Dominicana.- El Comit\u00e9 Organizador de los Juegos Centroamericanos y del Caribe (JCC) Santo Domingo 2026 firm\u00f3 un acuerdo con el Instituto Nacional de Tr\u00e1nsito y Transporte Terrestre (Intrant) y la Organizaci\u00f3n de las Naciones Unidas para garantizar la movilidad, trascendi\u00f3 hoy.<\/p>\n<div class=\"elementor-element elementor-element-0aea3a0 elementor-widget elementor-widget-theme-post-content\" data-id=\"0aea3a0\" data-element_type=\"widget\" data-e-type=\"widget\" data-widget_type=\"theme-post-content.default\">\n<div class=\"elementor-widget-container\">\n<p>El convenio busca asegurar un movimiento eficiente y promover la seguridad vial durante la celebraci\u00f3n del evento deportivo, del 24 de julio al 8 de agosto.<\/p>\n<p>Contempla acciones para el traslado de los atletas, as\u00ed como la implementaci\u00f3n de campa\u00f1as de concienciaci\u00f3n dirigidas a conductores en el Gran Santo Domingo.<\/p>\n<p>Adem\u00e1s, se pondr\u00e1 en marcha un programa educativo enfocado en motociclistas, incluyendo medidas para regular el uso de cascos protectores.<\/p>\n<p>Las autoridades destacaron que esta iniciativa busca reducir los accidentes de tr\u00e1nsito y fomentar una cultura de respeto en las v\u00edas, aprovechando la visibilidad internacional de los Juegos.<\/p>\n<p>Como parte del plan, el Intrant habilitar\u00e1 v\u00edas expresas temporales para facilitar el desplazamiento durante el evento regional, que reunir\u00e1 aqu\u00ed A cerca de seis mil atletas de una treintena de pa\u00edses, seg\u00fan la informaci\u00f3n oficial.<\/p>\n<\/div>\n<\/div>\n<div class=\"elementor-element elementor-element-4f75016 elementor-widget elementor-widget-post-info\" data-id=\"4f75016\" data-element_type=\"widget\" data-e-type=\"widget\" data-widget_type=\"post-info.default\">\n<div class=\"elementor-widget-container\">\n<ul class=\"elementor-inline-items elementor-icon-list-items elementor-post-info\">\n<li class=\"elementor-icon-list-item elementor-repeater-item-17dda3e elementor-inline-item\"><em><span class=\"elementor-icon-list-text elementor-post-info__item elementor-post-info__item--type-custom\">#<a href=\"https:\/\/primermomento.com\/?p=465369\" rel=\"tag\">acuerdo<\/a>\u00a0#<a href=\"https:\/\/primermomento.com\/?p=465369\" rel=\"tag\">Intrant<\/a><\/span><\/em><\/li>\n<\/ul>\n<\/div>\n<\/div>\n","protected":false},"excerpt":{"rendered":"<p>Por Prensa Latina SANTO DOMINGO, Rep\u00fablica Dominicana.- El Comit\u00e9 Organizador de los Juegos Centroamericanos y del Caribe (JCC) Santo Domingo 2026 firm\u00f3 un acuerdo con el Instituto Nacional de Tr\u00e1nsito y Transporte Terrestre (Intrant) y la Organizaci\u00f3n de las Naciones Unidas para garantizar la movilidad, trascendi\u00f3 hoy. El convenio busca asegurar un movimiento eficiente y [&hellip;]<\/p>\n","protected":false},"author":1,"featured_media":465370,"comment_status":"open","ping_status":"open","sticky":false,"template":"","format":"standard","meta":{"_bbp_topic_count":0,"_bbp_reply_count":0,"_bbp_total_topic_count":0,"_bbp_total_reply_count":0,"_bbp_voice_count":0,"_bbp_anonymous_reply_count":0,"_bbp_topic_count_hidden":0,"_bbp_reply_count_hidden":0,"_bbp_forum_subforum_count":0,"footnotes":""},"categories":[42],"tags":[],"class_list":{"0":"post-465369","1":"post","2":"type-post","3":"status-publish","4":"format-standard","5":"has-post-thumbnail","7":"category-deportes"},"_links":{"self":[{"href":"https:\/\/primermomento.com\/index.php?rest_route=\/wp\/v2\/posts\/465369","targetHints":{"allow":["GET"]}}],"collection":[{"href":"https:\/\/primermomento.com\/index.php?rest_route=\/wp\/v2\/posts"}],"about":[{"href":"https:\/\/primermomento.com\/index.php?rest_route=\/wp\/v2\/types\/post"}],"author":[{"embeddable":true,"href":"https:\/\/primermomento.com\/index.php?rest_route=\/wp\/v2\/users\/1"}],"replies":[{"embeddable":true,"href":"https:\/\/primermomento.com\/index.php?rest_route=%2Fwp%2Fv2%2Fcomments&post=465369"}],"version-history":[{"count":1,"href":"https:\/\/primermomento.com\/index.php?rest_route=\/wp\/v2\/posts\/465369\/revisions"}],"predecessor-version":[{"id":465371,"href":"https:\/\/primermomento.com\/index.php?rest_route=\/wp\/v2\/posts\/465369\/revisions\/465371"}],"wp:featuredmedia":[{"embeddable":true,"href":"https:\/\/primermomento.com\/index.php?rest_route=\/wp\/v2\/media\/465370"}],"wp:attachment":[{"href":"https:\/\/primermomento.com\/index.php?rest_route=%2Fwp%2Fv2%2Fmedia&parent=465369"}],"wp:term":[{"taxonomy":"category","embeddable":true,"href":"https:\/\/primermomento.com\/index.php?rest_route=%2Fwp%2Fv2%2Fcategories&post=465369"},{"taxonomy":"post_tag","embeddable":true,"href":"https:\/\/primermomento.com\/index.php?rest_route=%2Fwp%2Fv2%2Ftags&post=465369"}],"curies":[{"name":"wp","href":"https:\/\/api.w.org\/{rel}","templated":true}]}}