{"id":465383,"date":"2026-04-27T14:06:49","date_gmt":"2026-04-27T18:06:49","guid":{"rendered":"https:\/\/primermomento.com\/?p=465383"},"modified":"2026-04-27T14:06:49","modified_gmt":"2026-04-27T18:06:49","slug":"piden-al-presidente-abinader-y-al-gobierno-del-prm-escuchar-la-voz-del-pueblo","status":"publish","type":"post","link":"https:\/\/primermomento.com\/?p=465383","title":{"rendered":"Piden al presidente Abinader y al gobierno del PRM escuchar la voz del pueblo"},"content":{"rendered":"<p><strong><em>Por <span style=\"color: #ff0000;\">Servicios de Primermomento.com<\/span><\/em><\/strong><\/p>\n<p>SANTO DOMINGO, Rep\u00fablica Dominicana.- La Coordinadora Popular Nacional (CPN) exigi\u00f3 al presidente Abinader y al gobierno del PRM que escuchen la voz del pueblo, al realizar concentraci\u00f3n frente al Palacio Nacional, este lunes 27 de abril declarado por los movimientos sociales como DIA NACIONAL DE LA REBELDIA en conmemoraci\u00f3n del 61 aniversario de Batalla del Puente Duarte, en medio de la revoluci\u00f3n democr\u00e1tica de abril de 1965.<\/p>\n<p>Para la coordinadora, \u201clas luchas por las libertades democr\u00e1ticas y la justicia social encarnadas por la revoluci\u00f3n de abril, son los mismos reclamos que hoy, 61 a\u00f1os despu\u00e9s seguimos demandando los sectores populares y las mayor\u00edas nacionales movilizadas por nuestros derechos.\u201d<\/p>\n<p><img loading=\"lazy\" decoding=\"async\" class=\"size-medium wp-image-465385 alignleft\" src=\"https:\/\/primermomento.com\/wp-content\/uploads\/2026\/04\/PHOTO-2026-04-27-13-37-49-300x225.jpg\" alt=\"\" width=\"300\" height=\"225\" srcset=\"https:\/\/primermomento.com\/wp-content\/uploads\/2026\/04\/PHOTO-2026-04-27-13-37-49-300x225.jpg 300w, https:\/\/primermomento.com\/wp-content\/uploads\/2026\/04\/PHOTO-2026-04-27-13-37-49.jpg 640w\" sizes=\"auto, (max-width: 300px) 100vw, 300px\" \/>\u201cReclamaremos al presidente Abinader y al gobierno del PRM que respondan las demandas de las comunidades que en el DIA NACIONAL DE LA REBELDIA, se han visto obligadas irse a la huelga general en las provincias, municipios y Distritos de San Juan, San Francisco de Macor\u00eds, parte baja de Moca, Juan L\u00f3pez, Villa Trina, Las Lagunas, Licey al Medio, Canca La Reyna, Navarrete y otras comunidades del Cibao, contra la miner\u00eda destructiva, en defensa del agua, la salud, servicios de calidad, la soberan\u00eda nacional y la soluci\u00f3n de la deuda social acumulada del Estado con las poblaciones de estas demarcaciones\u201d, apunto la CPN.<\/p>\n<p>\u201cDemandamos un 5% del PIB para el sector salud, la eliminaci\u00f3n de las ARS-AFP, pensiones y seguro m\u00e9dico para trabajadores ca\u00f1eros, libertad sindical, no tocar la cesant\u00eda y eliminar los privilegios de los ricos, y no cargar la actual crisis inflacionaria y el aumento de los combustibles sobre los sectores populares y la clase media.\u201d<\/p>\n<p>\u201cLa Coordinadora exige la cancelaci\u00f3n del Proyecto de Vertedero en la comunidad de Los Aguacates, Distrito Municipal de La Cuaba, Municipio de Pedro Brand, as\u00ed como el saneamiento protecci\u00f3n de los r\u00edos Ozama e Isabela y otros afluentes del Gran Santo Domingo, viviendas dignas para todas las familias y el cese inmediato de todas las expropiaciones y desalojos abusivos tanto urbanos como rurales\u201d.<\/p>\n<p>\u201cNos manifestamos en contra de los abusos policiales, la represi\u00f3n y la criminalizaci\u00f3n de la protesta social.\u201d<\/p>\n<p>\u201cLa Coordinadora Popular Nacional (CPN) considera que, al reclamar los derechos de la poblaci\u00f3n trabajadora, las mujeres, ni\u00f1as \/as, j\u00f3venes, envejecientes, dominicanos de ascendencia haitiana, trabajadores migrantes y poblaciones diversas, hoy le damos continuidad a las aspiraciones democr\u00e1ticas de la revoluci\u00f3n de abril y la Batalla del Puente Duarte.\u201d que hoy conmemoramos como DIA NACIONAL DE LA REBELDIA.<\/p>\n","protected":false},"excerpt":{"rendered":"<p>Por Servicios de Primermomento.com SANTO DOMINGO, Rep\u00fablica Dominicana.- La Coordinadora Popular Nacional (CPN) exigi\u00f3 al presidente Abinader y al gobierno del PRM que escuchen la voz del pueblo, al realizar concentraci\u00f3n frente al Palacio Nacional, este lunes 27 de abril declarado por los movimientos sociales como DIA NACIONAL DE LA REBELDIA en conmemoraci\u00f3n del 61 [&hellip;]<\/p>\n","protected":false},"author":1,"featured_media":465384,"comment_status":"open","ping_status":"open","sticky":false,"template":"","format":"standard","meta":{"_bbp_topic_count":0,"_bbp_reply_count":0,"_bbp_total_topic_count":0,"_bbp_total_reply_count":0,"_bbp_voice_count":0,"_bbp_anonymous_reply_count":0,"_bbp_topic_count_hidden":0,"_bbp_reply_count_hidden":0,"_bbp_forum_subforum_count":0,"footnotes":""},"categories":[30],"tags":[],"class_list":{"0":"post-465383","1":"post","2":"type-post","3":"status-publish","4":"format-standard","5":"has-post-thumbnail","7":"category-actualidad"},"_links":{"self":[{"href":"https:\/\/primermomento.com\/index.php?rest_route=\/wp\/v2\/posts\/465383","targetHints":{"allow":["GET"]}}],"collection":[{"href":"https:\/\/primermomento.com\/index.php?rest_route=\/wp\/v2\/posts"}],"about":[{"href":"https:\/\/primermomento.com\/index.php?rest_route=\/wp\/v2\/types\/post"}],"author":[{"embeddable":true,"href":"https:\/\/primermomento.com\/index.php?rest_route=\/wp\/v2\/users\/1"}],"replies":[{"embeddable":true,"href":"https:\/\/primermomento.com\/index.php?rest_route=%2Fwp%2Fv2%2Fcomments&post=465383"}],"version-history":[{"count":1,"href":"https:\/\/primermomento.com\/index.php?rest_route=\/wp\/v2\/posts\/465383\/revisions"}],"predecessor-version":[{"id":465386,"href":"https:\/\/primermomento.com\/index.php?rest_route=\/wp\/v2\/posts\/465383\/revisions\/465386"}],"wp:featuredmedia":[{"embeddable":true,"href":"https:\/\/primermomento.com\/index.php?rest_route=\/wp\/v2\/media\/465384"}],"wp:attachment":[{"href":"https:\/\/primermomento.com\/index.php?rest_route=%2Fwp%2Fv2%2Fmedia&parent=465383"}],"wp:term":[{"taxonomy":"category","embeddable":true,"href":"https:\/\/primermomento.com\/index.php?rest_route=%2Fwp%2Fv2%2Fcategories&post=465383"},{"taxonomy":"post_tag","embeddable":true,"href":"https:\/\/primermomento.com\/index.php?rest_route=%2Fwp%2Fv2%2Ftags&post=465383"}],"curies":[{"name":"wp","href":"https:\/\/api.w.org\/{rel}","templated":true}]}}