{"id":465387,"date":"2026-04-27T06:00:46","date_gmt":"2026-04-27T10:00:46","guid":{"rendered":"https:\/\/primermomento.com\/?p=465387"},"modified":"2026-04-27T14:13:56","modified_gmt":"2026-04-27T18:13:56","slug":"accidente-de-avanzada-presidencial-deja-tres-heridos-en-dominicana","status":"publish","type":"post","link":"https:\/\/primermomento.com\/?p=465387","title":{"rendered":"Accidente de avanzada presidencial deja tres heridos en Dominicana"},"content":{"rendered":"<p><strong><em>Por <span style=\"color: #ff0000;\">Prensa Latina<\/span><\/em><\/strong><\/p>\n<p>SANTO DOMINGO, Rep\u00fablica Dominicana.- Tres personas resultaron heridas hoy tras un accidente de tr\u00e1nsito que involucr\u00f3 a miembros de la avanzada del presidente dominicano, Luis Abinader, ocurrido en el tramo carretero Maim\u00f3n\u2013Puerto Plata.<\/p>\n<div class=\"elementor-element elementor-element-0aea3a0 elementor-widget elementor-widget-theme-post-content\" data-id=\"0aea3a0\" data-element_type=\"widget\" data-e-type=\"widget\" data-widget_type=\"theme-post-content.default\">\n<div class=\"elementor-widget-container\">\n<p>De acuerdo con la Presidencia, los lesionados son dos miembros del Cuerpo de Seguridad Presidencial y un ciudadano, quienes presentan diversos traumas y fueron trasladados a centros de salud cercanos, donde reciben atenciones m\u00e9dicas.<\/p>\n<p>El incidente se produjo en horas de la ma\u00f1ana, mientras el equipo de seguridad se dirig\u00eda hacia una actividad oficial en Puerto Plata (en la costa norte del pa\u00eds).<\/p>\n<p>Im\u00e1genes del lugar muestran los veh\u00edculos involucrados volcados en una ca\u00f1ada a un lado de la v\u00eda.<\/p>\n<p>Las autoridades precisaron que el mandatario no se encontraba en la caravana al momento del accidente.<\/p>\n<\/div>\n<\/div>\n<div class=\"elementor-element elementor-element-4f75016 elementor-widget elementor-widget-post-info\" data-id=\"4f75016\" data-element_type=\"widget\" data-e-type=\"widget\" data-widget_type=\"post-info.default\">\n<div class=\"elementor-widget-container\">\n<ul class=\"elementor-inline-items elementor-icon-list-items elementor-post-info\">\n<li class=\"elementor-icon-list-item elementor-repeater-item-17dda3e elementor-inline-item\"><em><span class=\"elementor-icon-list-text elementor-post-info__item elementor-post-info__item--type-custom\">#<a href=\"https:\/\/primermomento.com\/?p=465387\" rel=\"tag\">accidente automovil\u00edstico<\/a>\u00a0#<a href=\"https:\/\/primermomento.com\/?p=465387\" rel=\"tag\">avanzada presidente dominicano<\/a>\u00a0#<a href=\"https:\/\/primermomento.com\/?p=465387\" rel=\"tag\">lesionados<\/a><\/span><\/em><\/li>\n<\/ul>\n<\/div>\n<\/div>\n","protected":false},"excerpt":{"rendered":"<p>Por Prensa Latina SANTO DOMINGO, Rep\u00fablica Dominicana.- Tres personas resultaron heridas hoy tras un accidente de tr\u00e1nsito que involucr\u00f3 a miembros de la avanzada del presidente dominicano, Luis Abinader, ocurrido en el tramo carretero Maim\u00f3n\u2013Puerto Plata. De acuerdo con la Presidencia, los lesionados son dos miembros del Cuerpo de Seguridad Presidencial y un ciudadano, quienes [&hellip;]<\/p>\n","protected":false},"author":1,"featured_media":465388,"comment_status":"open","ping_status":"open","sticky":false,"template":"","format":"standard","meta":{"_bbp_topic_count":0,"_bbp_reply_count":0,"_bbp_total_topic_count":0,"_bbp_total_reply_count":0,"_bbp_voice_count":0,"_bbp_anonymous_reply_count":0,"_bbp_topic_count_hidden":0,"_bbp_reply_count_hidden":0,"_bbp_forum_subforum_count":0,"footnotes":""},"categories":[32],"tags":[],"class_list":{"0":"post-465387","1":"post","2":"type-post","3":"status-publish","4":"format-standard","5":"has-post-thumbnail","7":"category-lo-ultimo"},"_links":{"self":[{"href":"https:\/\/primermomento.com\/index.php?rest_route=\/wp\/v2\/posts\/465387","targetHints":{"allow":["GET"]}}],"collection":[{"href":"https:\/\/primermomento.com\/index.php?rest_route=\/wp\/v2\/posts"}],"about":[{"href":"https:\/\/primermomento.com\/index.php?rest_route=\/wp\/v2\/types\/post"}],"author":[{"embeddable":true,"href":"https:\/\/primermomento.com\/index.php?rest_route=\/wp\/v2\/users\/1"}],"replies":[{"embeddable":true,"href":"https:\/\/primermomento.com\/index.php?rest_route=%2Fwp%2Fv2%2Fcomments&post=465387"}],"version-history":[{"count":1,"href":"https:\/\/primermomento.com\/index.php?rest_route=\/wp\/v2\/posts\/465387\/revisions"}],"predecessor-version":[{"id":465389,"href":"https:\/\/primermomento.com\/index.php?rest_route=\/wp\/v2\/posts\/465387\/revisions\/465389"}],"wp:featuredmedia":[{"embeddable":true,"href":"https:\/\/primermomento.com\/index.php?rest_route=\/wp\/v2\/media\/465388"}],"wp:attachment":[{"href":"https:\/\/primermomento.com\/index.php?rest_route=%2Fwp%2Fv2%2Fmedia&parent=465387"}],"wp:term":[{"taxonomy":"category","embeddable":true,"href":"https:\/\/primermomento.com\/index.php?rest_route=%2Fwp%2Fv2%2Fcategories&post=465387"},{"taxonomy":"post_tag","embeddable":true,"href":"https:\/\/primermomento.com\/index.php?rest_route=%2Fwp%2Fv2%2Ftags&post=465387"}],"curies":[{"name":"wp","href":"https:\/\/api.w.org\/{rel}","templated":true}]}}