{"id":465396,"date":"2026-04-27T16:35:44","date_gmt":"2026-04-27T20:35:44","guid":{"rendered":"https:\/\/primermomento.com\/?p=465396"},"modified":"2026-04-27T16:35:44","modified_gmt":"2026-04-27T20:35:44","slug":"organizaciones-de-la-caleta-en-dominicana-exigen-cese-de-desalojos","status":"publish","type":"post","link":"https:\/\/primermomento.com\/?p=465396","title":{"rendered":"Organizaciones de La Caleta, en Dominicana, exigen cese de desalojos"},"content":{"rendered":"<p><em><strong>Por<span style=\"color: #ff0000;\"> Prensa Latina<\/span><\/strong><\/em><\/p>\n<p>SANTO DOMINGO, Rep\u00fablica Dominicana.- Organizaciones del distrito municipal de La Caleta exigieron hoy al Gobierno dominicano una respuesta inmediata a las demandas presentadas hace casi un a\u00f1o, entre estas el cese de desalojos forzosos.<\/p>\n<div class=\"elementor-element elementor-element-0aea3a0 elementor-widget elementor-widget-theme-post-content\" data-id=\"0aea3a0\" data-element_type=\"widget\" data-e-type=\"widget\" data-widget_type=\"theme-post-content.default\">\n<div class=\"elementor-widget-container\">\n<p>Las agrupaciones, integradas en el Movimiento Municipal por los Derechos de La Caleta, realizaron una rueda de prensa con la participaci\u00f3n de l\u00edderes comunitarios, activistas y residentes, donde reiteraron que sus reclamos, entregados el 16 de mayo de 2025 en el Palacio Nacional, a\u00fan no han sido atendidos.<\/p>\n<p>Durante el encuentro, Socorro Monegro, diputada al Parlamento Centroamericano (Parlacen), ley\u00f3 las principales exigencias, entre ellas la regularizaci\u00f3n de asentamientos con t\u00edtulos de propiedad, acceso a viviendas dignas, reducci\u00f3n del precio de los combustibles y de los productos de primera necesidad.<\/p>\n<p>La tambi\u00e9n vocera de la Federaci\u00f3n Nacional de Transporte La Nueva Opci\u00f3n (Fenatrano) mencion\u00f3 la construcci\u00f3n de aceras y contenes, asfaltado de calles, sistemas de drenaje pluvial y sanitario, adem\u00e1s de un hospital y centros educativos para la comunidad.<\/p>\n<p>De su lado, el dirigente comunitario V\u00edctor Espinoza afirm\u00f3 que el 80 por ciento de las calles del municipio se encuentra en condiciones intransitables.<\/p>\n<p>Espinoza tambi\u00e9n denunci\u00f3 el impacto del alza de los combustibles en los transportistas, quienes \u2014seg\u00fan dijo\u2014 est\u00e1n subsidiando el pasaje ante la falta de apoyo estatal.<\/p>\n<p>En ese sentido, manifest\u00f3 que muchos no reciben el Bonog\u00e1s (subsidio al combustible) pese a estar registrados, mientras grandes empresas obtienen millones de galones de gasoil con ese beneficio.<\/p>\n<p>M\u00e1s de un centenar de personas participaron en la actividad, portando pancartas con consignas como \u201cNo m\u00e1s desalojos, s\u00ed a la titulaci\u00f3n\u201d y \u201cBajen los combustibles\u201d.<\/p>\n<p>La convocatoria fue respaldada por el Consejo de Desarrollo Comunitario de La Caleta, Fenatrano, Adecasvaza, Red Urbana, representantes de la iglesia y otras organizaciones sociales.<\/p>\n<p>Los residentes de La Caleta, en el municipio Boca Chica, provincia Santo Domingo, mantienen desde hace a\u00f1os un conjunto de reclamos que reflejan una comunidad con necesidades b\u00e1sicas a\u00fan sin resolver.<\/p>\n<p>Entre sus principales demandas figura el cese de los desahucios en asentamientos humanos establecidos y la regularizaci\u00f3n de los terrenos, ya que muchas familias aseguran vivir con la incertidumbre de perder sus viviendas pese a tener d\u00e9cadas establecidas en la zona.<\/p>\n<p>A esto se suma el deterioro de las calles, que en muchos sectores permanecen sin asfaltar o en condiciones precarias, dificultando la movilidad, especialmente en tiempos de lluvia.<\/p>\n<p>Tambi\u00e9n persisten deficiencias en servicios b\u00e1sicos como agua potable, saneamiento y atenci\u00f3n de salud, lo que refuerza la percepci\u00f3n de abandono por parte de las autoridades.<\/p>\n<p>En conjunto, estos problemas han motivado llamados constantes al gobierno, en busca de soluciones concretas que garanticen condiciones dignas y estabilidad para quienes habitan en este distrito municipal.<\/p>\n<\/div>\n<\/div>\n<div class=\"elementor-element elementor-element-4f75016 elementor-widget elementor-widget-post-info\" data-id=\"4f75016\" data-element_type=\"widget\" data-e-type=\"widget\" data-widget_type=\"post-info.default\">\n<div class=\"elementor-widget-container\">\n<ul class=\"elementor-inline-items elementor-icon-list-items elementor-post-info\">\n<li class=\"elementor-icon-list-item elementor-repeater-item-17dda3e elementor-inline-item\"><em><span class=\"elementor-icon-list-text elementor-post-info__item elementor-post-info__item--type-custom\">#<a href=\"https:\/\/primermomento.com\/?p=465396\" rel=\"tag\">desalojos<\/a>\u00a0#<a href=\"https:\/\/primermomento.com\/?p=465396\" rel=\"tag\">gobierno<\/a>\u00a0#<a href=\"https:\/\/primermomento.com\/?p=465396\" rel=\"tag\">reivindicaciones<\/a>\u00a0#<a href=\"https:\/\/primermomento.com\/?p=465396\" rel=\"tag\">salud<\/a><\/span><\/em><\/li>\n<\/ul>\n<\/div>\n<\/div>\n","protected":false},"excerpt":{"rendered":"<p>Por Prensa Latina SANTO DOMINGO, Rep\u00fablica Dominicana.- Organizaciones del distrito municipal de La Caleta exigieron hoy al Gobierno dominicano una respuesta inmediata a las demandas presentadas hace casi un a\u00f1o, entre estas el cese de desalojos forzosos. Las agrupaciones, integradas en el Movimiento Municipal por los Derechos de La Caleta, realizaron una rueda de prensa [&hellip;]<\/p>\n","protected":false},"author":1,"featured_media":465397,"comment_status":"open","ping_status":"open","sticky":false,"template":"","format":"standard","meta":{"_bbp_topic_count":0,"_bbp_reply_count":0,"_bbp_total_topic_count":0,"_bbp_total_reply_count":0,"_bbp_voice_count":0,"_bbp_anonymous_reply_count":0,"_bbp_topic_count_hidden":0,"_bbp_reply_count_hidden":0,"_bbp_forum_subforum_count":0,"footnotes":""},"categories":[30],"tags":[],"class_list":{"0":"post-465396","1":"post","2":"type-post","3":"status-publish","4":"format-standard","5":"has-post-thumbnail","7":"category-actualidad"},"_links":{"self":[{"href":"https:\/\/primermomento.com\/index.php?rest_route=\/wp\/v2\/posts\/465396","targetHints":{"allow":["GET"]}}],"collection":[{"href":"https:\/\/primermomento.com\/index.php?rest_route=\/wp\/v2\/posts"}],"about":[{"href":"https:\/\/primermomento.com\/index.php?rest_route=\/wp\/v2\/types\/post"}],"author":[{"embeddable":true,"href":"https:\/\/primermomento.com\/index.php?rest_route=\/wp\/v2\/users\/1"}],"replies":[{"embeddable":true,"href":"https:\/\/primermomento.com\/index.php?rest_route=%2Fwp%2Fv2%2Fcomments&post=465396"}],"version-history":[{"count":1,"href":"https:\/\/primermomento.com\/index.php?rest_route=\/wp\/v2\/posts\/465396\/revisions"}],"predecessor-version":[{"id":465398,"href":"https:\/\/primermomento.com\/index.php?rest_route=\/wp\/v2\/posts\/465396\/revisions\/465398"}],"wp:featuredmedia":[{"embeddable":true,"href":"https:\/\/primermomento.com\/index.php?rest_route=\/wp\/v2\/media\/465397"}],"wp:attachment":[{"href":"https:\/\/primermomento.com\/index.php?rest_route=%2Fwp%2Fv2%2Fmedia&parent=465396"}],"wp:term":[{"taxonomy":"category","embeddable":true,"href":"https:\/\/primermomento.com\/index.php?rest_route=%2Fwp%2Fv2%2Fcategories&post=465396"},{"taxonomy":"post_tag","embeddable":true,"href":"https:\/\/primermomento.com\/index.php?rest_route=%2Fwp%2Fv2%2Ftags&post=465396"}],"curies":[{"name":"wp","href":"https:\/\/api.w.org\/{rel}","templated":true}]}}