{"id":465417,"date":"2026-04-28T06:26:11","date_gmt":"2026-04-28T10:26:11","guid":{"rendered":"https:\/\/primermomento.com\/?p=465417"},"modified":"2026-04-28T06:57:32","modified_gmt":"2026-04-28T10:57:32","slug":"presidente-abinader-crea-comision-para-la-coordinacion-y-direccion-del-plan-san-juan-y-designa-su-director-ejecutivo","status":"publish","type":"post","link":"https:\/\/primermomento.com\/?p=465417","title":{"rendered":"Presidente Abinader crea Comisi\u00f3n para la Coordinaci\u00f3n y Direcci\u00f3n del Plan San Juan y designa su director ejecutivo"},"content":{"rendered":"<p><strong><em>Por <span style=\"color: #ff0000;\">Servicios de Primermomento.com<\/span><\/em><\/strong><\/p>\n<p>SANTO DOMINGO, Rep\u00fablica Dominicana.- El presidente Luis Abinader\u00a0emiti\u00f3 los\u00a0Decretos\u00a0<a href=\"https:\/\/presidencia.gob.do\/decretos\/236-26\">236-26<\/a>\u00a0y\u00a0<a href=\"https:\/\/presidencia.gob.do\/decretos\/285-26\">285-26<\/a>,\u00a0que tienen el prop\u00f3sito de dar continuidad a las\u00a0acciones para el desarrollo integral\u00a0en los \u00e1mbitos\u00a0econ\u00f3mico y social\u00a0de los residentes y comunidades de la\u00a0provincia San Juan.<\/p>\n<p>Tras haberse creado el\u00a0Plan para el Desarrollo Econ\u00f3mico de la provincia San Juan\u00a0(Plan San Juan) en 2022, en los nuevos decretos se dispone la creaci\u00f3n de una\u00a0Comisi\u00f3n para la Coordinaci\u00f3n y Direcci\u00f3n de este,\u00a0y se designa a su director ejecutivo, cargo que ser\u00e1 desempe\u00f1ado por el se\u00f1or\u00a0Carlos\u00a0Alessandry\u00a0Roa\u00a0Howley.<\/p>\n<p>Se recuerda que el Plan San Juan tiene como prop\u00f3sito fundamental\u00a0transformar la econom\u00eda de la regi\u00f3n, promoviendo su\u00a0desarrollo sostenible\u00a0y maximizando el uso de sus recursos.<\/p>\n<p>La\u00a0Comisi\u00f3n para la Coordinaci\u00f3n y Direcci\u00f3n del Plan San Juan\u00a0queda integrada por el obispo de la Di\u00f3cesis de San Juan, quien lo presidir\u00e1; el Ministerio Administrativo de la Presidencia; el Ministerio de Agricultura; el Banco Agr\u00edcola de la Rep\u00fablica Dominicana; el Ministerio de Medio Ambiente y Recursos Naturales; el Instituto Nacional de Recursos Hidr\u00e1ulicos; el Instituto del Tabaco y la Junta Agroempresarial Dominicana.<\/p>\n<p>Asimismo, por la Gobernaci\u00f3n Provincial; un representante de la Asociaci\u00f3n de Desarrollo de la Provincia de San Juan; un representante de la Asociaci\u00f3n de Productores Agr\u00edcolas de la Provincia de San Juan; un representante de la Asociaci\u00f3n de Ganaderos; un representante de la Asociaci\u00f3n de Productores de Tabaco; el alcalde del Municipio Cabecera, m\u00e1s un representante elegido entre los dem\u00e1s municipios; la Confederaci\u00f3n Nacional de Productores Agropecuarios (Confenagro) y el director ejecutivo del Plan San Juan, quien fungir\u00e1 como secretario, con voz, pero sin voto.<\/p>\n<p><strong>Funciones del Plan San Juan\u00a0<\/strong><\/p>\n<p>La Comisi\u00f3n del Plan San Juan asume la responsabilidad de liderar la transformaci\u00f3n econ\u00f3mica regional mediante la aprobaci\u00f3n estrat\u00e9gica de\u00a0proyectos de infraestructura y acuerdos interinstitucionales,\u00a0asegurando siempre el cumplimiento de las\u00a0normativas de contrataciones p\u00fablicas. Su labor se centra en diversificar la matriz productiva y coordinar la\u00a0ejecuci\u00f3n de obras cr\u00edticas, tales como sistemas de riego, centros de acopio y naves en zonas francas, fundamentales para el sost\u00e9n de la actividad econ\u00f3mica local.<\/p>\n<p>Asimismo, este \u00f3rgano act\u00faa como un articulador entre los sectores p\u00fablico y privado para facilitar\u00a0encadenamientos que generen empleo\u00a0y fortalezcan el\u00a0capital humano regional.\u00a0A trav\u00e9s de la canalizaci\u00f3n de capital semilla y asistencia t\u00e9cnica, la Comisi\u00f3n apoya directamente a\u00a0emprendimientos y peque\u00f1os productores, fomentando su integraci\u00f3n en cooperativas y cl\u00fasteres. Finalmente, su gesti\u00f3n se consolida mediante la promoci\u00f3n de\u00a0alianzas comerciales estrat\u00e9gicas\u00a0y la rendici\u00f3n peri\u00f3dica de informes de avance ante la\u00a0Presidencia de la Rep\u00fablica.<\/p>\n<p><strong>Direcci\u00f3n Ejecutiva\u00a0<\/strong><\/p>\n<p>Mientras, la Direcci\u00f3n Ejecutiva de la Comisi\u00f3n del Plan San Juan tendr\u00e1 como responsabilidad realizar las coordinaciones t\u00e9cnicas de lugar a fin de que los proyectos aprobados por la Comisi\u00f3n del Plan San Juan se ejecuten dentro del cronograma acordado;\u00a0administrar los fondos asignados\u00a0a la ejecuci\u00f3n de las acciones y actividades aprobadas por la Comisi\u00f3n del Plan San Juan; coordinar la formulaci\u00f3n de pol\u00edticas derivadas de la Comisi\u00f3n del Plan San Juan, as\u00ed como la definici\u00f3n y ejecuci\u00f3n de las\u00a0iniciativas, programas y proyectos\u00a0que se consideren necesarios para alcanzar los resultados esperados.<\/p>\n<p>De igual forma, deber\u00e1 coordinar\u00a0la asistencia t\u00e9cnica, financiamiento, manejo post cosecha y comercializaci\u00f3n\u00a0que se ejecutar\u00e1n en cada una de las fincas intervenidas; realizar y mantener un registro georreferenciado de cada una de las unidades productivas intervenidas; supervisar la\u00a0ejecuci\u00f3n y cumplimiento\u00a0de las tareas planificadas en el marco del Plan y mantener\u00a0registros contables de los gastos realizados\u00a0en el marco del Plan.<\/p>\n<p>Finalmente, debe, adem\u00e1s, contratar las personas f\u00edsicas y jur\u00eddicas que se requieran para el cumplimiento de sus funciones y las tareas que les sean encomendadas, conforme a lo\u00a0estipulado por las leyes correspondientes; supervisar el buen uso de los equipos de transporte y maquinarias de trabajo asignadas a la ejecuci\u00f3n del Plan y\u00a0rendir informes trimestrales\u00a0a la\u00a0Comisi\u00f3n del Plan San Juan sobre el avance en su implementaci\u00f3n.<\/p>\n","protected":false},"excerpt":{"rendered":"<p>Por Servicios de Primermomento.com SANTO DOMINGO, Rep\u00fablica Dominicana.- El presidente Luis Abinader\u00a0emiti\u00f3 los\u00a0Decretos\u00a0236-26\u00a0y\u00a0285-26,\u00a0que tienen el prop\u00f3sito de dar continuidad a las\u00a0acciones para el desarrollo integral\u00a0en los \u00e1mbitos\u00a0econ\u00f3mico y social\u00a0de los residentes y comunidades de la\u00a0provincia San Juan. Tras haberse creado el\u00a0Plan para el Desarrollo Econ\u00f3mico de la provincia San Juan\u00a0(Plan San Juan) en 2022, en [&hellip;]<\/p>\n","protected":false},"author":1,"featured_media":465418,"comment_status":"open","ping_status":"open","sticky":false,"template":"","format":"standard","meta":{"_bbp_topic_count":0,"_bbp_reply_count":0,"_bbp_total_topic_count":0,"_bbp_total_reply_count":0,"_bbp_voice_count":0,"_bbp_anonymous_reply_count":0,"_bbp_topic_count_hidden":0,"_bbp_reply_count_hidden":0,"_bbp_forum_subforum_count":0,"footnotes":""},"categories":[30],"tags":[],"class_list":{"0":"post-465417","1":"post","2":"type-post","3":"status-publish","4":"format-standard","5":"has-post-thumbnail","7":"category-actualidad"},"_links":{"self":[{"href":"https:\/\/primermomento.com\/index.php?rest_route=\/wp\/v2\/posts\/465417","targetHints":{"allow":["GET"]}}],"collection":[{"href":"https:\/\/primermomento.com\/index.php?rest_route=\/wp\/v2\/posts"}],"about":[{"href":"https:\/\/primermomento.com\/index.php?rest_route=\/wp\/v2\/types\/post"}],"author":[{"embeddable":true,"href":"https:\/\/primermomento.com\/index.php?rest_route=\/wp\/v2\/users\/1"}],"replies":[{"embeddable":true,"href":"https:\/\/primermomento.com\/index.php?rest_route=%2Fwp%2Fv2%2Fcomments&post=465417"}],"version-history":[{"count":1,"href":"https:\/\/primermomento.com\/index.php?rest_route=\/wp\/v2\/posts\/465417\/revisions"}],"predecessor-version":[{"id":465419,"href":"https:\/\/primermomento.com\/index.php?rest_route=\/wp\/v2\/posts\/465417\/revisions\/465419"}],"wp:featuredmedia":[{"embeddable":true,"href":"https:\/\/primermomento.com\/index.php?rest_route=\/wp\/v2\/media\/465418"}],"wp:attachment":[{"href":"https:\/\/primermomento.com\/index.php?rest_route=%2Fwp%2Fv2%2Fmedia&parent=465417"}],"wp:term":[{"taxonomy":"category","embeddable":true,"href":"https:\/\/primermomento.com\/index.php?rest_route=%2Fwp%2Fv2%2Fcategories&post=465417"},{"taxonomy":"post_tag","embeddable":true,"href":"https:\/\/primermomento.com\/index.php?rest_route=%2Fwp%2Fv2%2Ftags&post=465417"}],"curies":[{"name":"wp","href":"https:\/\/api.w.org\/{rel}","templated":true}]}}