{"id":465425,"date":"2026-04-28T09:00:59","date_gmt":"2026-04-28T13:00:59","guid":{"rendered":"https:\/\/primermomento.com\/?p=465425"},"modified":"2026-04-28T11:18:49","modified_gmt":"2026-04-28T15:18:49","slug":"jimmy-kimmel-eeuu-y-la-libertad-de-expresion","status":"publish","type":"post","link":"https:\/\/primermomento.com\/?p=465425","title":{"rendered":"Comediante Jimmy Kimmel defiende la libertad de expresi\u00f3n en EEUU"},"content":{"rendered":"<p><strong><em>Por <span style=\"color: #ff0000;\">Prensa Latina<\/span><\/em><\/strong><\/p>\n<p>Washington, EEUU.- El presentador de programas nocturnos Jimmy Kimmel defendi\u00f3 el derecho de los estadounidenses a la libertad de expresi\u00f3n en medio hoy de una encendida pol\u00e9mica aqu\u00ed sobre los mandamientos de la Primera Enmienda.<\/p>\n<p>\u201c\u00bfSabes que a veces te despiertas por la ma\u00f1ana y la primera dama publica un comunicado exigiendo que te despidan de tu trabajo? A todos nos ha pasado, \u00bfverdad?\u201d, pregunt\u00f3 al comienzo de su mon\u00f3logo de este lunes en \u201cJimmy Kimmel Live!\u201d, un espacio de ABC que lleva m\u00e1s de 20 a\u00f1os al aire.<\/p>\n<p>Dos d\u00edas antes de la cena de la Asociaci\u00f3n de Corresponsales de la Casa Blanca, el popular presentador hizo un chiste que sent\u00f3 mal al presidente Donald Trump y a su esposa Melania, quienes exigieron p\u00fablicamente el despido de Kimmel.<\/p>\n<p>Dijo que la primera dama parec\u00eda una \u201cviuda expectante\u201d y, coincidentemente, el s\u00e1bado un hombre armado abri\u00f3 fuego en las afueras del sal\u00f3n de baile del hotel Washington Hilton, donde se celebraba la cena de los corresponsales en la cual se encontraban Trump, Melania y varios miembros de su gabinete.<\/p>\n<p>La tarde de este lunes hizo oficial la lista de cargos en contra de Cole Allen, de 31 a\u00f1os y residente en California, autor del tiroteo: posesi\u00f3n de armas; atacar a un oficial de la ley e intento de asesinar al presidente de Estados Unidos.<\/p>\n<p>El mandatario y sus aliados recontextualizaron la broma como una convocatoria a la violencia por parte de Kimmel, pero \u201cde ninguna manera fue un llamado al asesinato\u201d, declar\u00f3 en su mon\u00f3logo de ayer.<\/p>\n<p>\u201cY ellos lo saben. Llevo muchos a\u00f1os manifest\u00e1ndome en contra de la violencia armada en particular\u201d, apunt\u00f3 al insistir: \u201cEstoy de acuerdo en que debemos rechazar la ret\u00f3rica de odio y violencia\u201d.<\/p>\n<p>\u201cTambi\u00e9n debo se\u00f1alar que Donald Trump tiene derecho a decir lo que quiera, al igual que usted, al igual que yo y al igual que todos nosotros, porque, seg\u00fan la Primera Enmienda, los estadounidenses tenemos derecho a la libertad de expresi\u00f3n\u201d, a\u00f1adi\u00f3 Kimmel.<\/p>\n<p>En su defensa sali\u00f3 el Comit\u00e9 para la Primera Enmienda, liderado por la actriz y activista Jane Fonda, que en un comunicado expres\u00f3 que las exigencias provenientes de la Casa Blanca para retirar a Kimmel de las ondas de la cadena ABC \u201csiguen el mismo viejo, trillado y autoritario manual de siempre\u201d.<\/p>\n<p>Subray\u00f3 el texto que siempre utilizan \u201cel peso del gobierno para presionar a los medios de comunicaci\u00f3n con el fin de silenciar los discursos que le desagradan y socavar las protecciones de la Primera Enmienda\u201d.<\/p>\n<p>En septiembre de 2025, en el contexto de una fuerte campa\u00f1a de presi\u00f3n previa de la administraci\u00f3n Trump contra Kimmel, ABC, en una decisi\u00f3n sin precedentes suspendi\u00f3 su programa \u201cindefinidamente\u201d tras la pol\u00e9mica por comentarios al aire sobre el asesinato del activista conservador Charlie Kirk.<\/p>\n<p>Sin embargo, el espacio televisivo se reanud\u00f3 menos de una semana despu\u00e9s.<\/p>\n<p>En su mon\u00f3logo anoche y sobre esta nueva pol\u00e9mica, Kimmel afirm\u00f3 que la suya \u201cfue una broma muy ligera\u201d sobre el hecho de que Trump \u201ctiene casi 80 a\u00f1os y ella (Melania) es m\u00e1s joven que yo (ella tiene 56)\u201d.<\/p>\n","protected":false},"excerpt":{"rendered":"<p>Por Prensa Latina Washington, EEUU.- El presentador de programas nocturnos Jimmy Kimmel defendi\u00f3 el derecho de los estadounidenses a la libertad de expresi\u00f3n en medio hoy de una encendida pol\u00e9mica aqu\u00ed sobre los mandamientos de la Primera Enmienda. \u201c\u00bfSabes que a veces te despiertas por la ma\u00f1ana y la primera dama publica un comunicado exigiendo [&hellip;]<\/p>\n","protected":false},"author":1,"featured_media":451836,"comment_status":"open","ping_status":"open","sticky":false,"template":"","format":"standard","meta":{"_bbp_topic_count":0,"_bbp_reply_count":0,"_bbp_total_topic_count":0,"_bbp_total_reply_count":0,"_bbp_voice_count":0,"_bbp_anonymous_reply_count":0,"_bbp_topic_count_hidden":0,"_bbp_reply_count_hidden":0,"_bbp_forum_subforum_count":0,"footnotes":""},"categories":[61],"tags":[],"class_list":{"0":"post-465425","1":"post","2":"type-post","3":"status-publish","4":"format-standard","5":"has-post-thumbnail","7":"category-mundo"},"_links":{"self":[{"href":"https:\/\/primermomento.com\/index.php?rest_route=\/wp\/v2\/posts\/465425","targetHints":{"allow":["GET"]}}],"collection":[{"href":"https:\/\/primermomento.com\/index.php?rest_route=\/wp\/v2\/posts"}],"about":[{"href":"https:\/\/primermomento.com\/index.php?rest_route=\/wp\/v2\/types\/post"}],"author":[{"embeddable":true,"href":"https:\/\/primermomento.com\/index.php?rest_route=\/wp\/v2\/users\/1"}],"replies":[{"embeddable":true,"href":"https:\/\/primermomento.com\/index.php?rest_route=%2Fwp%2Fv2%2Fcomments&post=465425"}],"version-history":[{"count":3,"href":"https:\/\/primermomento.com\/index.php?rest_route=\/wp\/v2\/posts\/465425\/revisions"}],"predecessor-version":[{"id":465444,"href":"https:\/\/primermomento.com\/index.php?rest_route=\/wp\/v2\/posts\/465425\/revisions\/465444"}],"wp:featuredmedia":[{"embeddable":true,"href":"https:\/\/primermomento.com\/index.php?rest_route=\/wp\/v2\/media\/451836"}],"wp:attachment":[{"href":"https:\/\/primermomento.com\/index.php?rest_route=%2Fwp%2Fv2%2Fmedia&parent=465425"}],"wp:term":[{"taxonomy":"category","embeddable":true,"href":"https:\/\/primermomento.com\/index.php?rest_route=%2Fwp%2Fv2%2Fcategories&post=465425"},{"taxonomy":"post_tag","embeddable":true,"href":"https:\/\/primermomento.com\/index.php?rest_route=%2Fwp%2Fv2%2Ftags&post=465425"}],"curies":[{"name":"wp","href":"https:\/\/api.w.org\/{rel}","templated":true}]}}