{"id":465434,"date":"2026-04-28T06:09:32","date_gmt":"2026-04-28T10:09:32","guid":{"rendered":"https:\/\/primermomento.com\/?p=465434"},"modified":"2026-04-28T11:09:21","modified_gmt":"2026-04-28T15:09:21","slug":"flagg-irrumpe-en-la-historia-y-se-corona-novato-del-ano-en-la-nba","status":"publish","type":"post","link":"https:\/\/primermomento.com\/?p=465434","title":{"rendered":"Flagg irrumpe en la historia y se corona Novato del A\u00f1o en la NBA"},"content":{"rendered":"<p><strong><em>Por <span style=\"color: #ff0000;\">Prensa Latina<\/span><\/em><\/strong><\/p>\n<p>Washington, EEUU.- El prodigio Cooper Flagg, de los Dallas Mavericks, celebra hoy su elecci\u00f3n como Novato del A\u00f1o en la NBA, confirmando con brillo precoz una temporada que lo instal\u00f3 entre los elegidos de su generaci\u00f3n.<\/p>\n<div class=\"elementor-element elementor-element-0aea3a0 elementor-widget elementor-widget-theme-post-content\" data-id=\"0aea3a0\" data-element_type=\"widget\" data-e-type=\"widget\" data-widget_type=\"theme-post-content.default\">\n<div class=\"elementor-widget-container\">\n<p>Como si escribiera con tinta fresca sobre los viejos m\u00e1rmoles de la liga, el alero de 19 a\u00f1os se impuso por estrecho margen a su excompa\u00f1ero en Duke, Kon Knueppel, en una votaci\u00f3n que reflej\u00f3 tanto talento compartido como destinos divergentes.<\/p>\n<p>N\u00famero uno del draft, Flagg firm\u00f3 21.0 puntos, 6.7 rebotes y 4.5 asistencias por partido, cifras que lo colocan junto a Larry Bird, Michael Jordan y Luka Doncic como \u00fanicos novatos con al menos 20-6-4 desde la fusi\u00f3n NBA-ABA.<\/p>\n<p>Due\u00f1o de un juego que combina v\u00e9rtigo y lectura, lider\u00f3 a todos los debutantes en anotaci\u00f3n, fue segundo en asistencias y tercero en rebotes, erigi\u00e9ndose en faro estad\u00edstico de una camada que encontr\u00f3 en \u00e9l su medida.<\/p>\n<p>Mientras Knueppel respond\u00eda con 18.5 puntos por noche y un r\u00e9cord de 273 triples que electriz\u00f3 a los Charlotte Hornets, Flagg sostuvo su candidatura desde la omnipresencia, como un pulso constante en medio del ruido.<\/p>\n<p>La campa\u00f1a de Dallas naufrag\u00f3 entre lesiones y decisiones estructurales \u2014incluido el traspaso de Anthony Davis\u2014, pero en ese paisaje adverso el novato se convirti\u00f3 en br\u00fajula, liderando al equipo en puntos, rebotes, asistencias y robos. Solo Michael Jordan hab\u00eda logrado algo similar en su a\u00f1o inicial, y nadie m\u00e1s en la temporada actual domin\u00f3 todas esas categor\u00edas dentro de su franquicia como lo hizo Flagg.<\/p>\n<p>El adolescente, que sopl\u00f3 19 velas en diciembre, tambi\u00e9n reescribi\u00f3 los l\u00edmites de la precocidad al convertirse en el m\u00e1s joven en firmar partidos de 35, 40, 45 y 50 puntos, adem\u00e1s de repartir al menos 10 asistencias en un juego.<\/p>\n<p>Con 2.06 metros y pasado de base improvisado, produjo tres de las cuatro actuaciones de 45 puntos logradas por un adolescente en la historia, persiguiendo de cerca las huellas recientes de Doncic y Gilgeous-Alexander.<\/p>\n<p>Su pico lleg\u00f3 con 51 puntos ante Orlando tras haber fijado en 49 el r\u00e9cord previo frente a Charlotte, noches donde el baloncesto pareci\u00f3 plegarse a su voluntad como una tela tensa.<\/p>\n<p>En suma, seis partidos con al menos 30 puntos, cinco rebotes y cinco asistencias lo dejaron por encima de toda su clase novata combinada, confirmando que su irrupci\u00f3n no fue un destello, sino el inicio de una era.<\/p>\n<\/div>\n<\/div>\n<div class=\"elementor-element elementor-element-4f75016 elementor-widget elementor-widget-post-info\" data-id=\"4f75016\" data-element_type=\"widget\" data-e-type=\"widget\" data-widget_type=\"post-info.default\">\n<div class=\"elementor-widget-container\">\n<ul class=\"elementor-inline-items elementor-icon-list-items elementor-post-info\">\n<li class=\"elementor-icon-list-item elementor-repeater-item-17dda3e elementor-inline-item\"><em><span class=\"elementor-icon-list-text elementor-post-info__item elementor-post-info__item--type-custom\">#<a href=\"https:\/\/primermomento.com\/?p=465434\" rel=\"tag\">baloncesto<\/a>\u00a0#<a href=\"https:\/\/primermomento.com\/?p=465434\" rel=\"tag\">deportes<\/a>\u00a0#<a href=\"https:\/\/primermomento.com\/?p=465434\" rel=\"tag\">Flagg<\/a>\u00a0#<a href=\"https:\/\/primermomento.com\/?p=465434\" rel=\"tag\">NBA<\/a>\u00a0#<a href=\"https:\/\/primermomento.com\/?p=465434\" rel=\"tag\">Novato del A\u00f1o<\/a><\/span><\/em><\/li>\n<\/ul>\n<\/div>\n<\/div>\n","protected":false},"excerpt":{"rendered":"<p>Por Prensa Latina Washington, EEUU.- El prodigio Cooper Flagg, de los Dallas Mavericks, celebra hoy su elecci\u00f3n como Novato del A\u00f1o en la NBA, confirmando con brillo precoz una temporada que lo instal\u00f3 entre los elegidos de su generaci\u00f3n. Como si escribiera con tinta fresca sobre los viejos m\u00e1rmoles de la liga, el alero de [&hellip;]<\/p>\n","protected":false},"author":1,"featured_media":465435,"comment_status":"open","ping_status":"open","sticky":false,"template":"","format":"standard","meta":{"_bbp_topic_count":0,"_bbp_reply_count":0,"_bbp_total_topic_count":0,"_bbp_total_reply_count":0,"_bbp_voice_count":0,"_bbp_anonymous_reply_count":0,"_bbp_topic_count_hidden":0,"_bbp_reply_count_hidden":0,"_bbp_forum_subforum_count":0,"footnotes":""},"categories":[42],"tags":[],"class_list":{"0":"post-465434","1":"post","2":"type-post","3":"status-publish","4":"format-standard","5":"has-post-thumbnail","7":"category-deportes"},"_links":{"self":[{"href":"https:\/\/primermomento.com\/index.php?rest_route=\/wp\/v2\/posts\/465434","targetHints":{"allow":["GET"]}}],"collection":[{"href":"https:\/\/primermomento.com\/index.php?rest_route=\/wp\/v2\/posts"}],"about":[{"href":"https:\/\/primermomento.com\/index.php?rest_route=\/wp\/v2\/types\/post"}],"author":[{"embeddable":true,"href":"https:\/\/primermomento.com\/index.php?rest_route=\/wp\/v2\/users\/1"}],"replies":[{"embeddable":true,"href":"https:\/\/primermomento.com\/index.php?rest_route=%2Fwp%2Fv2%2Fcomments&post=465434"}],"version-history":[{"count":1,"href":"https:\/\/primermomento.com\/index.php?rest_route=\/wp\/v2\/posts\/465434\/revisions"}],"predecessor-version":[{"id":465436,"href":"https:\/\/primermomento.com\/index.php?rest_route=\/wp\/v2\/posts\/465434\/revisions\/465436"}],"wp:featuredmedia":[{"embeddable":true,"href":"https:\/\/primermomento.com\/index.php?rest_route=\/wp\/v2\/media\/465435"}],"wp:attachment":[{"href":"https:\/\/primermomento.com\/index.php?rest_route=%2Fwp%2Fv2%2Fmedia&parent=465434"}],"wp:term":[{"taxonomy":"category","embeddable":true,"href":"https:\/\/primermomento.com\/index.php?rest_route=%2Fwp%2Fv2%2Fcategories&post=465434"},{"taxonomy":"post_tag","embeddable":true,"href":"https:\/\/primermomento.com\/index.php?rest_route=%2Fwp%2Fv2%2Ftags&post=465434"}],"curies":[{"name":"wp","href":"https:\/\/api.w.org\/{rel}","templated":true}]}}