{"id":465439,"date":"2026-04-28T11:15:07","date_gmt":"2026-04-28T15:15:07","guid":{"rendered":"https:\/\/primermomento.com\/?p=465439"},"modified":"2026-04-28T11:15:07","modified_gmt":"2026-04-28T15:15:07","slug":"embarazo-adolescente-persiste-como-desafio-en-republica-dominicana","status":"publish","type":"post","link":"https:\/\/primermomento.com\/?p=465439","title":{"rendered":"Embarazo adolescente persiste como desaf\u00edo en Rep\u00fablica Dominicana"},"content":{"rendered":"<p><strong><em>Por <span style=\"color: #ff0000;\">Prensa Latina<\/span><\/em><\/strong><\/p>\n<p>SANTO DOMINGO, Rep\u00fablica Dominicana.- Entre 2017 y 2025, la Rep\u00fablica Dominicana registr\u00f3 234 mil 673 embarazos en menores de edad, reflejo de un fen\u00f3meno persistente que sigue siendo hoy un gran desaf\u00edo para las autoridades.<\/p>\n<div class=\"elementor-element elementor-element-0aea3a0 elementor-widget elementor-widget-theme-post-content\" data-id=\"0aea3a0\" data-element_type=\"widget\" data-e-type=\"widget\" data-widget_type=\"theme-post-content.default\">\n<div class=\"elementor-widget-container\">\n<p>Aunque los casos muestran una reducci\u00f3n en t\u00e9rminos absolutos, la proporci\u00f3n de adolescentes en estado de gravidez contin\u00faa siendo elevada.<\/p>\n<p>Solo en 2025 se registraron 16 mil 481 casos, un 7.6 por ciento menos que el a\u00f1o anterior, seg\u00fan datos preliminares del Ministerio de Salud P\u00fablica y la Oficina Nacional de Estad\u00edstica (ONE).<\/p>\n<p>A pesar de la disminuci\u00f3n, representaron el 19.3 por ciento del total nacional, es decir, uno de cada cinco, lo que mantiene la preocupaci\u00f3n de especialistas y organismos internacionales.<\/p>\n<p>El informe revela adem\u00e1s que 826 (5.0 por ciento) correspondieron a ni\u00f1as menores de 15 a\u00f1os, mientras que 15 mil 655 (94.9%) se concentraron en muchachas de 15 a 19 a\u00f1os el a\u00f1o pasado.<\/p>\n<p>Esta situaci\u00f3n ocurre pese a la existencia de normativas orientadas a prevenir la gestaci\u00f3n en edades tempranas, lo que evidencia debilidades en su aplicaci\u00f3n, en especial en sectores de menores ingresos.<\/p>\n<p>Es una realidad que se repite en distintas comunidades del pa\u00eds, donde el embarazo en ese grupo de la poblaci\u00f3n sigue vinculado a ciclos de pobreza, bajo nivel educativo y limitadas oportunidades de desarrollo.<\/p>\n<\/div>\n<\/div>\n<div class=\"elementor-element elementor-element-4f75016 elementor-widget elementor-widget-post-info\" data-id=\"4f75016\" data-element_type=\"widget\" data-e-type=\"widget\" data-widget_type=\"post-info.default\">\n<div class=\"elementor-widget-container\">\n<ul class=\"elementor-inline-items elementor-icon-list-items elementor-post-info\">\n<li class=\"elementor-icon-list-item elementor-repeater-item-17dda3e elementor-inline-item\"><span class=\"elementor-icon-list-text elementor-post-info__item elementor-post-info__item--type-custom\">#<em><a href=\"https:\/\/primermomento.com\/?p=465439\" rel=\"tag\">ONE<\/a><\/em><\/span><\/li>\n<\/ul>\n<\/div>\n<\/div>\n","protected":false},"excerpt":{"rendered":"<p>Por Prensa Latina SANTO DOMINGO, Rep\u00fablica Dominicana.- Entre 2017 y 2025, la Rep\u00fablica Dominicana registr\u00f3 234 mil 673 embarazos en menores de edad, reflejo de un fen\u00f3meno persistente que sigue siendo hoy un gran desaf\u00edo para las autoridades. Aunque los casos muestran una reducci\u00f3n en t\u00e9rminos absolutos, la proporci\u00f3n de adolescentes en estado de gravidez [&hellip;]<\/p>\n","protected":false},"author":1,"featured_media":307615,"comment_status":"open","ping_status":"open","sticky":false,"template":"","format":"standard","meta":{"_bbp_topic_count":0,"_bbp_reply_count":0,"_bbp_total_topic_count":0,"_bbp_total_reply_count":0,"_bbp_voice_count":0,"_bbp_anonymous_reply_count":0,"_bbp_topic_count_hidden":0,"_bbp_reply_count_hidden":0,"_bbp_forum_subforum_count":0,"footnotes":""},"categories":[30],"tags":[],"class_list":{"0":"post-465439","1":"post","2":"type-post","3":"status-publish","4":"format-standard","5":"has-post-thumbnail","7":"category-actualidad"},"_links":{"self":[{"href":"https:\/\/primermomento.com\/index.php?rest_route=\/wp\/v2\/posts\/465439","targetHints":{"allow":["GET"]}}],"collection":[{"href":"https:\/\/primermomento.com\/index.php?rest_route=\/wp\/v2\/posts"}],"about":[{"href":"https:\/\/primermomento.com\/index.php?rest_route=\/wp\/v2\/types\/post"}],"author":[{"embeddable":true,"href":"https:\/\/primermomento.com\/index.php?rest_route=\/wp\/v2\/users\/1"}],"replies":[{"embeddable":true,"href":"https:\/\/primermomento.com\/index.php?rest_route=%2Fwp%2Fv2%2Fcomments&post=465439"}],"version-history":[{"count":1,"href":"https:\/\/primermomento.com\/index.php?rest_route=\/wp\/v2\/posts\/465439\/revisions"}],"predecessor-version":[{"id":465440,"href":"https:\/\/primermomento.com\/index.php?rest_route=\/wp\/v2\/posts\/465439\/revisions\/465440"}],"wp:featuredmedia":[{"embeddable":true,"href":"https:\/\/primermomento.com\/index.php?rest_route=\/wp\/v2\/media\/307615"}],"wp:attachment":[{"href":"https:\/\/primermomento.com\/index.php?rest_route=%2Fwp%2Fv2%2Fmedia&parent=465439"}],"wp:term":[{"taxonomy":"category","embeddable":true,"href":"https:\/\/primermomento.com\/index.php?rest_route=%2Fwp%2Fv2%2Fcategories&post=465439"},{"taxonomy":"post_tag","embeddable":true,"href":"https:\/\/primermomento.com\/index.php?rest_route=%2Fwp%2Fv2%2Ftags&post=465439"}],"curies":[{"name":"wp","href":"https:\/\/api.w.org\/{rel}","templated":true}]}}