{"id":465445,"date":"2026-04-28T06:18:57","date_gmt":"2026-04-28T10:18:57","guid":{"rendered":"https:\/\/primermomento.com\/?p=465445"},"modified":"2026-04-28T13:30:08","modified_gmt":"2026-04-28T17:30:08","slug":"taylor-swift-por-proteger-su-voz-e-imagen-de-la-ia","status":"publish","type":"post","link":"https:\/\/primermomento.com\/?p=465445","title":{"rendered":"Taylor Swift por proteger su voz e imagen de la IA"},"content":{"rendered":"<p><strong><em>Por <span style=\"color: #ff0000;\">Prensa Latina<\/span><\/em><\/strong><\/p>\n<p>Nueva York, EEUU.- En el vasto escenario en el que la creaci\u00f3n art\u00edstica y la tecnolog\u00eda convergen, la irrupci\u00f3n de la inteligencia artificial generativa (IA) plantea hoy un reto sin precedentes para quienes dan vida a la cultura.<\/p>\n<div class=\"elementor-element elementor-element-0aea3a0 elementor-widget elementor-widget-theme-post-content\" data-id=\"0aea3a0\" data-element_type=\"widget\" data-e-type=\"widget\" data-widget_type=\"theme-post-content.default\">\n<div class=\"elementor-widget-container\">\n<p>Aunque prometedor, el resplandor de esta nueva era digital arroja sombras inquietantes sobre la integridad de las identidades creativas.<\/p>\n<p>Conscientes del riesgo que supone la falta de marcos legales precisos, artistas de renombre comienzan a erigir barreras jur\u00eddicas para preservar la esencia intangible de su voz, imagen y obra.<\/p>\n<p>Entre las estrellas de la m\u00fasica, la ic\u00f3nica Taylor Swift emerge como pionera en esta cruzada y puso su nombre en el registro de patentes estadounidenses fragmentos sonoros que la identifican junto a una imagen emblem\u00e1tica de su exaltada gira The Eras Tour.<\/p>\n<p>Tal acto no es solo una declaraci\u00f3n de defensa, sino un manifiesto contra la usurpaci\u00f3n digital y cerrar\u00e1 la puerta a la proliferaci\u00f3n de falsificaciones digitales, esas imitaciones fabricadas por algoritmos que proyectan espejismos imposibles de distinguir del original.<\/p>\n<p>Nacida del imperativo de salvaguardar la autenticidad frente a la voracidad tecnol\u00f3gica, la estrategia comienza a arraigar entre otros guardianes de la identidad p\u00fablica.<\/p>\n<p>Figuras como el actor Matthew McConaughey tambi\u00e9n se suman a registrar los matices que los definen: frases, tonos, im\u00e1genes. Para ellos, estas patentes se convierten en escudos legales, instrumentos imprescindibles para confrontar un presente en el que la velocidad del avance tecnol\u00f3gico supera con creces la capacidad regulatoria.<\/p>\n<p>Expertos consultados por medios especializados como el semanario norteamericano dedicado a la cultura popular Variety reconocen en estas iniciativas un arsenal renovado para enfrentar el uso ileg\u00edtimo de la identidad en la era de la IA, un terreno en el cual la creatividad debe reinventarse a la vez que defenderse.<\/p>\n<\/div>\n<\/div>\n<div class=\"elementor-element elementor-element-4f75016 elementor-widget elementor-widget-post-info\" data-id=\"4f75016\" data-element_type=\"widget\" data-e-type=\"widget\" data-widget_type=\"post-info.default\">\n<div class=\"elementor-widget-container\">\n<ul class=\"elementor-inline-items elementor-icon-list-items elementor-post-info\">\n<li class=\"elementor-icon-list-item elementor-repeater-item-17dda3e elementor-inline-item\"><em><span class=\"elementor-icon-list-text elementor-post-info__item elementor-post-info__item--type-custom\">#<a href=\"https:\/\/primermomento.com\/?p=465445\" rel=\"tag\">cultura<\/a>\u00a0#<a href=\"https:\/\/primermomento.com\/?p=465445\" rel=\"tag\">derechos<\/a>\u00a0#<a href=\"https:\/\/primermomento.com\/?p=465445\" rel=\"tag\">IA<\/a>\u00a0#<a href=\"https:\/\/primermomento.com\/?p=465445\" rel=\"tag\">obra<\/a>\u00a0#<a href=\"https:\/\/primermomento.com\/?p=465445\" rel=\"tag\">proteger<\/a>\u00a0#<a href=\"https:\/\/primermomento.com\/?p=465445\" rel=\"tag\">taylorswitf<\/a><\/span><\/em><\/li>\n<\/ul>\n<\/div>\n<\/div>\n","protected":false},"excerpt":{"rendered":"<p>Por Prensa Latina Nueva York, EEUU.- En el vasto escenario en el que la creaci\u00f3n art\u00edstica y la tecnolog\u00eda convergen, la irrupci\u00f3n de la inteligencia artificial generativa (IA) plantea hoy un reto sin precedentes para quienes dan vida a la cultura. Aunque prometedor, el resplandor de esta nueva era digital arroja sombras inquietantes sobre la [&hellip;]<\/p>\n","protected":false},"author":1,"featured_media":465446,"comment_status":"open","ping_status":"open","sticky":false,"template":"","format":"standard","meta":{"_bbp_topic_count":0,"_bbp_reply_count":0,"_bbp_total_topic_count":0,"_bbp_total_reply_count":0,"_bbp_voice_count":0,"_bbp_anonymous_reply_count":0,"_bbp_topic_count_hidden":0,"_bbp_reply_count_hidden":0,"_bbp_forum_subforum_count":0,"footnotes":""},"categories":[39],"tags":[],"class_list":{"0":"post-465445","1":"post","2":"type-post","3":"status-publish","4":"format-standard","5":"has-post-thumbnail","7":"category-entretenimiento"},"_links":{"self":[{"href":"https:\/\/primermomento.com\/index.php?rest_route=\/wp\/v2\/posts\/465445","targetHints":{"allow":["GET"]}}],"collection":[{"href":"https:\/\/primermomento.com\/index.php?rest_route=\/wp\/v2\/posts"}],"about":[{"href":"https:\/\/primermomento.com\/index.php?rest_route=\/wp\/v2\/types\/post"}],"author":[{"embeddable":true,"href":"https:\/\/primermomento.com\/index.php?rest_route=\/wp\/v2\/users\/1"}],"replies":[{"embeddable":true,"href":"https:\/\/primermomento.com\/index.php?rest_route=%2Fwp%2Fv2%2Fcomments&post=465445"}],"version-history":[{"count":1,"href":"https:\/\/primermomento.com\/index.php?rest_route=\/wp\/v2\/posts\/465445\/revisions"}],"predecessor-version":[{"id":465447,"href":"https:\/\/primermomento.com\/index.php?rest_route=\/wp\/v2\/posts\/465445\/revisions\/465447"}],"wp:featuredmedia":[{"embeddable":true,"href":"https:\/\/primermomento.com\/index.php?rest_route=\/wp\/v2\/media\/465446"}],"wp:attachment":[{"href":"https:\/\/primermomento.com\/index.php?rest_route=%2Fwp%2Fv2%2Fmedia&parent=465445"}],"wp:term":[{"taxonomy":"category","embeddable":true,"href":"https:\/\/primermomento.com\/index.php?rest_route=%2Fwp%2Fv2%2Fcategories&post=465445"},{"taxonomy":"post_tag","embeddable":true,"href":"https:\/\/primermomento.com\/index.php?rest_route=%2Fwp%2Fv2%2Ftags&post=465445"}],"curies":[{"name":"wp","href":"https:\/\/api.w.org\/{rel}","templated":true}]}}