{"id":465451,"date":"2026-04-28T14:32:27","date_gmt":"2026-04-28T18:32:27","guid":{"rendered":"https:\/\/primermomento.com\/?p=465451"},"modified":"2026-04-28T14:32:27","modified_gmt":"2026-04-28T18:32:27","slug":"presidente-abinader-entrega-25-vehiculos-al-inespre-para-ampliar-la-distribucion-de-alimentos","status":"publish","type":"post","link":"https:\/\/primermomento.com\/?p=465451","title":{"rendered":"Presidente Abinader entrega 25 veh\u00edculos al Inespre para ampliar la distribuci\u00f3n de alimentos"},"content":{"rendered":"<p dir=\"ltr\"><strong><em>Por <span style=\"color: #ff0000;\">Servicios de Primermomento.com<\/span><\/em><\/strong><\/p>\n<p dir=\"ltr\">SANTO DOMINGO, Rep\u00fablica Dominicana.- El presidente de la Rep\u00fablica, Luis Abinader, encabez\u00f3 este martes la\u00a0entrega de 25 nuevos veh\u00edculos\u00a0al Instituto de Estabilizaci\u00f3n de Precios\u00a0(Inespre), como parte de una\u00a0flotilla total de 60 unidades\u00a0destinadas a fortalecer la capacidad operativa de la instituci\u00f3n y ampliar la\u00a0distribuci\u00f3n de alimentos a precios asequibles\u00a0en todo el territorio nacional.<\/p>\n<p dir=\"ltr\">El mandatario realiz\u00f3 la\u00a0entrega simb\u00f3lica de las llaves\u00a0de la flotilla de veh\u00edculos correspondiente a la\u00a0primera fase, al director del Inespre,\u00a0David Herrera, la cual fue gestionada a trav\u00e9s del Ministerio Administrativo de la Presidencia, bajo la direcci\u00f3n del ministro\u00a0Andr\u00e9s Bautista.<\/p>\n<p dir=\"ltr\">Durante el acto, el presidente Abinader destac\u00f3 el papel del Instituto Nacional de Estabilizaci\u00f3n de Precios ante el\u00a0contexto actual de crisis mundial\u00a0y asegur\u00f3 que est\u00e1n\u00a0atendiendo diariamente la mesa de precios para estabilizarlos\u00a0y cumplir con la misi\u00f3n del Inespre.<\/p>\n<p dir=\"ltr\">Asimismo, explic\u00f3 que el objetivo es mejorar la\u00a0eficiencia en la cadena de distribuci\u00f3n.\u00a0\u201cLlegar m\u00e1s r\u00e1pido, m\u00e1s eficiente entre el productor y el consumidor\u201d.<\/p>\n<p dir=\"ltr\">El mandatario indic\u00f3 que la incorporaci\u00f3n de los 60 nuevos veh\u00edculos, de los cuales hoy se entrega la primera partida y los restantes en los pr\u00f3ximos d\u00edas, permitir\u00e1 ampliar la\u00a0presencia de la instituci\u00f3n en los sectores.\u00a0\u201cVan a cumplir eso, para que la gente, cuando vea en los barrios al Inespre, vea la garant\u00eda de un precio justo de los productos, que eso es lo que nosotros buscamos\u201d.<\/p>\n<p dir=\"ltr\">El jefe de Estado insisti\u00f3 en que el Instituto Nacional de Estabilizaci\u00f3n de Precios tiene que ser el\u00a0puente entre el productor y el consumidor.\u00a0\u201cEn eso est\u00e1 el Gobierno, buscando precios justos para toda la poblaci\u00f3n dominicana\u201d.<\/p>\n<p dir=\"ltr\">Finalmente, exhort\u00f3 a continuar fortaleciendo el\u00a0alcance de la instituci\u00f3n en todo el pa\u00eds.\u00a0\u201cDavid, estamos seguros de que seguir\u00e1s haciendo un gran trabajo en b\u00fasqueda de llevar estos precios justos a los barrios y a los diferentes sectores y a las diferentes provincias de todo el pa\u00eds\u201d.<\/p>\n<p dir=\"ltr\"><strong>Decisi\u00f3n firme y una visi\u00f3n clara del presidente Abinader<\/strong><\/p>\n<p dir=\"ltr\">De su lado, el ministro administrativo de la Presidencia,\u00a0Andr\u00e9s Bautista Garc\u00eda, inform\u00f3 que la entrega de 25 veh\u00edculos forma parte de una flotilla total de 60 unidades destinadas a fortalecer la\u00a0capacidad de distribuci\u00f3n en el transcurso del pr\u00f3ximo mes de mayo.<\/p>\n<p dir=\"ltr\">\u201cEsta es una decisi\u00f3n firme y una visi\u00f3n clara del Instituto de Estabilizaci\u00f3n de Precios y dijo que\u00a0los 35 restantes ser\u00e1n entregados por el presidente Luis Abinader: lograr que los alimentos lleguen directamente al pueblo sin abusos y a precios justos\u201d,\u00a0sentenci\u00f3 Bautista.<\/p>\n<p dir=\"ltr\">Explic\u00f3 que\u00a0los nuevos veh\u00edculos operar\u00e1n tanto en fr\u00edo como a temperatura ambiente,\u00a0impactando directamente a los dos actores principales de la\u00a0cadena de comercializaci\u00f3n: por un lado,\u00a0el productor, que podr\u00e1 colocar sus productos sin distorsiones, y por el otro\u00a0el consumidor, que podr\u00e1 adquirirlos a precio de costo.<\/p>\n<p dir=\"ltr\">\u201cAs\u00ed reducimos la intermediaci\u00f3n abusiva y fortalecemos un sistema m\u00e1s justo, m\u00e1s eficiente y m\u00e1s humano. Seguimos trabajando y avanzando hacia un pa\u00eds donde los alimentos lleguen de manera digna a cada hogar vulnerable de la Rep\u00fablica Dominicana. Ese es el objetivo fundamental de esta inversi\u00f3n en estos equipos\u201d.<\/p>\n<p dir=\"ltr\">Esta primera entrega forma parte de las acciones que impulsa el Gobierno para garantizar el\u00a0acceso oportuno y equitativo de la poblaci\u00f3n a productos de la canasta b\u00e1sica, especialmente en beneficio de los\u00a0sectores m\u00e1s vulnerables\u00a0y reafirma el compromiso con\u00a0la seguridad alimentaria y el bienestar\u00a0de la poblaci\u00f3n.<\/p>\n<p dir=\"ltr\">Adem\u00e1s, marca el inicio de un proceso de fortalecimiento institucional que permitir\u00e1 al Inespre ampliar significativamente su cobertura y eficiencia, incrementando la\u00a0presencia de sus bodegas m\u00f3viles\u00a0en comunidades a nivel nacional. La incorporaci\u00f3n de estas unidades representa un avance clave para optimizar la\u00a0log\u00edstica\u00a0de distribuci\u00f3n, facilitar el\u00a0acceso a alimentos en zonas de dif\u00edcil alcance\u00a0y aumentar la\u00a0frecuencia de abastecimiento\u00a0en distintos puntos del pa\u00eds.<\/p>\n<p dir=\"ltr\">Acompa\u00f1aron al presidente Abinader el ministro de Agricultura,\u00a0Francisco Oliverio Espaillat Bencosme; el administrador general del Banco Agr\u00edcola,\u00a0Fernando Dur\u00e1n,\u00a0y el director de Ganader\u00eda,\u00a0Abel Madera.<\/p>\n","protected":false},"excerpt":{"rendered":"<p>Por Servicios de Primermomento.com SANTO DOMINGO, Rep\u00fablica Dominicana.- El presidente de la Rep\u00fablica, Luis Abinader, encabez\u00f3 este martes la\u00a0entrega de 25 nuevos veh\u00edculos\u00a0al Instituto de Estabilizaci\u00f3n de Precios\u00a0(Inespre), como parte de una\u00a0flotilla total de 60 unidades\u00a0destinadas a fortalecer la capacidad operativa de la instituci\u00f3n y ampliar la\u00a0distribuci\u00f3n de alimentos a precios asequibles\u00a0en todo el territorio [&hellip;]<\/p>\n","protected":false},"author":1,"featured_media":465452,"comment_status":"open","ping_status":"open","sticky":false,"template":"","format":"standard","meta":{"_bbp_topic_count":0,"_bbp_reply_count":0,"_bbp_total_topic_count":0,"_bbp_total_reply_count":0,"_bbp_voice_count":0,"_bbp_anonymous_reply_count":0,"_bbp_topic_count_hidden":0,"_bbp_reply_count_hidden":0,"_bbp_forum_subforum_count":0,"footnotes":""},"categories":[30],"tags":[],"class_list":{"0":"post-465451","1":"post","2":"type-post","3":"status-publish","4":"format-standard","5":"has-post-thumbnail","7":"category-actualidad"},"_links":{"self":[{"href":"https:\/\/primermomento.com\/index.php?rest_route=\/wp\/v2\/posts\/465451","targetHints":{"allow":["GET"]}}],"collection":[{"href":"https:\/\/primermomento.com\/index.php?rest_route=\/wp\/v2\/posts"}],"about":[{"href":"https:\/\/primermomento.com\/index.php?rest_route=\/wp\/v2\/types\/post"}],"author":[{"embeddable":true,"href":"https:\/\/primermomento.com\/index.php?rest_route=\/wp\/v2\/users\/1"}],"replies":[{"embeddable":true,"href":"https:\/\/primermomento.com\/index.php?rest_route=%2Fwp%2Fv2%2Fcomments&post=465451"}],"version-history":[{"count":1,"href":"https:\/\/primermomento.com\/index.php?rest_route=\/wp\/v2\/posts\/465451\/revisions"}],"predecessor-version":[{"id":465453,"href":"https:\/\/primermomento.com\/index.php?rest_route=\/wp\/v2\/posts\/465451\/revisions\/465453"}],"wp:featuredmedia":[{"embeddable":true,"href":"https:\/\/primermomento.com\/index.php?rest_route=\/wp\/v2\/media\/465452"}],"wp:attachment":[{"href":"https:\/\/primermomento.com\/index.php?rest_route=%2Fwp%2Fv2%2Fmedia&parent=465451"}],"wp:term":[{"taxonomy":"category","embeddable":true,"href":"https:\/\/primermomento.com\/index.php?rest_route=%2Fwp%2Fv2%2Fcategories&post=465451"},{"taxonomy":"post_tag","embeddable":true,"href":"https:\/\/primermomento.com\/index.php?rest_route=%2Fwp%2Fv2%2Ftags&post=465451"}],"curies":[{"name":"wp","href":"https:\/\/api.w.org\/{rel}","templated":true}]}}