{"id":465458,"date":"2026-04-28T11:00:21","date_gmt":"2026-04-28T15:00:21","guid":{"rendered":"https:\/\/primermomento.com\/?p=465458"},"modified":"2026-04-28T16:39:50","modified_gmt":"2026-04-28T20:39:50","slug":"gobierno-de-trump-vuelve-a-acusar-a-exdirector-del-fbi-esta-vez-por-publicacion-en-linea","status":"publish","type":"post","link":"https:\/\/primermomento.com\/?p=465458","title":{"rendered":"Gobierno de Trump vuelve a acusar a exdirector del FBI, esta vez por publicaci\u00f3n en l\u00ednea"},"content":{"rendered":"<p><strong><em>Por<span style=\"color: #ff0000;\"> The Associated Press<\/span><\/em><\/strong><\/p>\n<p>Washington, EEUU.- El exdirector del FBI James Comey fue acusado formalmente el martes, en una investigaci\u00f3n por una foto en redes sociales de conchas marinas acomodadas de manera que seg\u00fan el gobierno constitu\u00eda una amenaza contra el presidente Donald Trump, de acuerdo con una persona familiarizada con el asunto.<\/p>\n<p>La fuente no estaba autorizada a hablar p\u00fablicamente del tema y confirm\u00f3 la acusaci\u00f3n formal a The Associated Press bajo condici\u00f3n de anonimato. De momento se desconocen qu\u00e9 cargos hay contra Comey.<\/p>\n<p>Es el segundo caso penal que el Departamento de Justicia ha presentado contra el antiguo adversario de Trump, quien comparti\u00f3 una foto de conchas marinas que hac\u00edan la forma de los n\u00fameros \u201c86 47\u201d. Comey dijo despu\u00e9s que no pens\u00f3 que eso era un llamado a la violencia, sino un mensaje pol\u00edtico.<\/p>\n<p>Comey figura entre varios adversarios de Trump que han quedado bajo escrutinio del Departamento de Justicia durante el \u00faltimo a\u00f1o, incluso mientras el secretario de Justicia interino Todd Blanche busca posicionarse como la persona adecuada para ocupar el cargo de manera permanente.<\/p>\n<p>El Servicio Secreto entrevist\u00f3 a Comey en mayo despu\u00e9s de que funcionarios del gobierno sostuvieran que estaba promoviendo el asesinato de Trump, el 47\u00ba presidente. Comey borr\u00f3 la publicaci\u00f3n poco despu\u00e9s de hacerla y escribi\u00f3: \u201cNo me di cuenta de que algunas personas asocian esos n\u00fameros con la violencia\u201d y \u201cMe opongo a la violencia de cualquier tipo, as\u00ed que elimin\u00e9 la publicaci\u00f3n\u201d.<\/p>\n<p>Su abogado no respondi\u00f3 a una solicitud de comentarios el martes.<\/p>\n<p>Merriam-Webster, el diccionario utilizado por The Associated Press, se\u00f1ala que 86 es una expresi\u00f3n coloquial que significa \u201cechar\u201d, \u201cdeshacerse de\u201d o \u201cnegar el servicio a\u201d. A\u00f1ade: \u201cEntre los significados m\u00e1s recientes adoptados hay una extensi\u00f3n l\u00f3gica de los anteriores, con el sentido de \u2018matar\u2019. No incorporamos este sentido debido a su aparici\u00f3n reciente y a lo poco que se usa\u201d.<\/p>\n<p>Trump acus\u00f3 a Comey, en una entrevista con Fox News Channel en mayo, de saber \u201cexactamente lo que eso significaba\u201d.<\/p>\n<p>\u201cUn ni\u00f1o sabe lo que eso significaba\u201d, manifest\u00f3 Trump. \u201cSi eres el director del FBI y no sabes lo que eso significaba, eso significaba asesinato. Y lo dice alto y claro\u201d.<\/p>\n<p>El hecho de que el Departamento de Justicia haya impulsado un nuevo caso contra el exdirector del FBI meses despu\u00e9s de que se desestimara otra acusaci\u00f3n en su contra probablemente avivar\u00e1 los argumentos de la defensa de que el gobierno de Trump est\u00e1 haciendo un esfuerzo extraordinario para apuntar contra Comey, quien supervis\u00f3 los primeros meses de una investigaci\u00f3n sobre si la campa\u00f1a de Trump en 2016 se coordin\u00f3 con Rusia para influir en el resultado de las elecciones de ese a\u00f1o.<\/p>\n<p>El exdirector del FBI fue acusado formalmente en septiembre de cargos de que minti\u00f3 al Congreso y lo obstruy\u00f3 en relaci\u00f3n con un testimonio que dio en 2020 sobre si hab\u00eda autorizado que se proporcionara a un periodista informaci\u00f3n interna acerca de una investigaci\u00f3n. Neg\u00f3 haber cometido irregularidades, y el caso fue desestimado posteriormente despu\u00e9s de que un juez concluyera que el fiscal que present\u00f3 la acusaci\u00f3n formal hab\u00eda sido designado ilegalmente.<\/p>\n<p>Comey era el director del FBI cuando Trump asumi\u00f3 el cargo en 2017, tras haber sido nombrado por el entonces presidente Barack Obama, dem\u00f3crata, y despu\u00e9s de haber servido previamente como alto funcionario del Departamento de Justicia en el gobierno republicano del presidente George W. Bush.<\/p>\n<p>Pero la relaci\u00f3n fue tensa desde el inicio, especialmente despu\u00e9s de que Comey rechazara una solicitud de Trump durante una cena privada de que le prometiera lealtad personal al presidente. El pedido inquiet\u00f3 tanto al director del FBI que lo document\u00f3 en un memorando redactado en ese momento.<\/p>\n<p>Trump despidi\u00f3 a Comey en mayo de 2017 en medio de una investigaci\u00f3n del FBI sobre posibles v\u00ednculos entre Rusia y su campa\u00f1a presidencial. Esa pesquisa, que m\u00e1s tarde asumi\u00f3 el fiscal especial Robert Mueller, terminar\u00eda concluyendo que, si bien Rusia interfiri\u00f3 en las elecciones de 2016 y el equipo de Trump recibi\u00f3 con agrado la ayuda, no hab\u00eda pruebas suficientes para demostrar una colaboraci\u00f3n delictiva.<\/p>\n<p>El departamento, por ejemplo, tambi\u00e9n est\u00e1 llevando adelante una investigaci\u00f3n penal sobre el exdirector de la CIA John Brennan, otra figura clave en la investigaci\u00f3n sobre Rusia.<\/p>\n<p>CNN fue el primer medio en informar sobre la segunda acusaci\u00f3n formal contra Comey.<\/p>\n<p>___________________________________<\/p>\n<p><em>Esta historia fue traducida del ingl\u00e9s por un editor de AP con ayuda de una herramienta de inteligencia artificial generativa.<\/em><\/p>\n","protected":false},"excerpt":{"rendered":"<p>Por The Associated Press Washington, EEUU.- El exdirector del FBI James Comey fue acusado formalmente el martes, en una investigaci\u00f3n por una foto en redes sociales de conchas marinas acomodadas de manera que seg\u00fan el gobierno constitu\u00eda una amenaza contra el presidente Donald Trump, de acuerdo con una persona familiarizada con el asunto. La fuente [&hellip;]<\/p>\n","protected":false},"author":1,"featured_media":453403,"comment_status":"open","ping_status":"open","sticky":false,"template":"","format":"standard","meta":{"_bbp_topic_count":0,"_bbp_reply_count":0,"_bbp_total_topic_count":0,"_bbp_total_reply_count":0,"_bbp_voice_count":0,"_bbp_anonymous_reply_count":0,"_bbp_topic_count_hidden":0,"_bbp_reply_count_hidden":0,"_bbp_forum_subforum_count":0,"footnotes":""},"categories":[61],"tags":[],"class_list":{"0":"post-465458","1":"post","2":"type-post","3":"status-publish","4":"format-standard","5":"has-post-thumbnail","7":"category-mundo"},"_links":{"self":[{"href":"https:\/\/primermomento.com\/index.php?rest_route=\/wp\/v2\/posts\/465458","targetHints":{"allow":["GET"]}}],"collection":[{"href":"https:\/\/primermomento.com\/index.php?rest_route=\/wp\/v2\/posts"}],"about":[{"href":"https:\/\/primermomento.com\/index.php?rest_route=\/wp\/v2\/types\/post"}],"author":[{"embeddable":true,"href":"https:\/\/primermomento.com\/index.php?rest_route=\/wp\/v2\/users\/1"}],"replies":[{"embeddable":true,"href":"https:\/\/primermomento.com\/index.php?rest_route=%2Fwp%2Fv2%2Fcomments&post=465458"}],"version-history":[{"count":1,"href":"https:\/\/primermomento.com\/index.php?rest_route=\/wp\/v2\/posts\/465458\/revisions"}],"predecessor-version":[{"id":465459,"href":"https:\/\/primermomento.com\/index.php?rest_route=\/wp\/v2\/posts\/465458\/revisions\/465459"}],"wp:featuredmedia":[{"embeddable":true,"href":"https:\/\/primermomento.com\/index.php?rest_route=\/wp\/v2\/media\/453403"}],"wp:attachment":[{"href":"https:\/\/primermomento.com\/index.php?rest_route=%2Fwp%2Fv2%2Fmedia&parent=465458"}],"wp:term":[{"taxonomy":"category","embeddable":true,"href":"https:\/\/primermomento.com\/index.php?rest_route=%2Fwp%2Fv2%2Fcategories&post=465458"},{"taxonomy":"post_tag","embeddable":true,"href":"https:\/\/primermomento.com\/index.php?rest_route=%2Fwp%2Fv2%2Ftags&post=465458"}],"curies":[{"name":"wp","href":"https:\/\/api.w.org\/{rel}","templated":true}]}}