{"id":465495,"date":"2026-04-29T12:26:08","date_gmt":"2026-04-29T16:26:08","guid":{"rendered":"https:\/\/primermomento.com\/?p=465495"},"modified":"2026-04-29T12:26:08","modified_gmt":"2026-04-29T16:26:08","slug":"alcaldia-de-bani-inicia-reparacion-de-18-viviendas-en-los-cajuilitos-arriba","status":"publish","type":"post","link":"https:\/\/primermomento.com\/?p=465495","title":{"rendered":"Alcald\u00eda de Ban\u00ed inicia reparaci\u00f3n de 18 viviendas en Los Cajuilitos Arriba"},"content":{"rendered":"<div style=\"width: 696px;\" class=\"wp-video\"><video class=\"wp-video-shortcode\" id=\"video-465495-1\" width=\"696\" height=\"392\" preload=\"metadata\" controls=\"controls\"><source type=\"video\/mp4\" src=\"https:\/\/primermomento.com\/wp-content\/uploads\/2026\/04\/Reparacion-de-viviendas-Cajuilito-Arriba.mp4?_=1\" \/><a href=\"https:\/\/primermomento.com\/wp-content\/uploads\/2026\/04\/Reparacion-de-viviendas-Cajuilito-Arriba.mp4\">https:\/\/primermomento.com\/wp-content\/uploads\/2026\/04\/Reparacion-de-viviendas-Cajuilito-Arriba.mp4<\/a><\/video><\/div>\n<p><strong><em>Por <span style=\"color: #ff0000;\">Servicios de Primermomento.com<\/span><\/em><\/strong><\/p>\n<p>BAN\u00cd, Rep\u00fablica Dominicana.- La Alcald\u00eda de Ban\u00ed, inici\u00f3 ayer martes los trabajos de reparaci\u00f3n de 18 de viviendas en el sector Los Cajuilitos Arriba, 15 a trav\u00e9s del Presupuesto Participativo y tres de forma administrativa por disposici\u00f3n del alcalde Santo Ram\u00edrez.<\/p>\n<p>Estas intervenciones incluyen la sustituci\u00f3n de techos con l\u00e1minas de zinc nuevas, el reforzamiento de estructuras de madera y, en algunos casos, mejoras en las paredes de las viviendas, con el objetivo de garantizar condiciones m\u00e1s dignas, seguras y habitables para los beneficiarios.<\/p>\n<p><img loading=\"lazy\" decoding=\"async\" class=\"size-medium wp-image-465497 alignright\" src=\"https:\/\/primermomento.com\/wp-content\/uploads\/2026\/04\/PHOTO-2026-04-29-11-53-49-300x200.jpg\" alt=\"\" width=\"300\" height=\"200\" srcset=\"https:\/\/primermomento.com\/wp-content\/uploads\/2026\/04\/PHOTO-2026-04-29-11-53-49-300x200.jpg 300w, https:\/\/primermomento.com\/wp-content\/uploads\/2026\/04\/PHOTO-2026-04-29-11-53-49.jpg 640w\" sizes=\"auto, (max-width: 300px) 100vw, 300px\" \/>Durante el desarrollo de la actividad, la vicealcaldesa y directora del Presupuesto Participativo Municipal, Adriana Soto, destac\u00f3 la importancia de este tipo de acciones en favor de los sectores m\u00e1s vulnerables.<\/p>\n<p>\u201cPara nosotros es una satisfacci\u00f3n poder corregir un techo y evitar que, en tiempos de lluvias, las familias se mojen. Ese es el verdadero sentido de este programa: dar respuesta a necesidades reales de la gente\u201d, expres\u00f3.<\/p>\n<p>Residentes de Los Cajuilitos Arriba, expresaron su agradecimiento a las autoridades municipales por atender sus solicitudes, destacando la respuesta oportuna a sus necesidades m\u00e1s urgentes.<\/p>\n<p>L\u00edderes de las juntas de vecinos y residentes coincidieron en que estas acciones representan un alivio importante para las familias favorecidas y una muestra de que sus voces est\u00e1n siendo escuchadas.<\/p>\n","protected":false},"excerpt":{"rendered":"<p>Por Servicios de Primermomento.com BAN\u00cd, Rep\u00fablica Dominicana.- La Alcald\u00eda de Ban\u00ed, inici\u00f3 ayer martes los trabajos de reparaci\u00f3n de 18 de viviendas en el sector Los Cajuilitos Arriba, 15 a trav\u00e9s del Presupuesto Participativo y tres de forma administrativa por disposici\u00f3n del alcalde Santo Ram\u00edrez. Estas intervenciones incluyen la sustituci\u00f3n de techos con l\u00e1minas de [&hellip;]<\/p>\n","protected":false},"author":1,"featured_media":465496,"comment_status":"open","ping_status":"open","sticky":false,"template":"","format":"video","meta":{"_bbp_topic_count":0,"_bbp_reply_count":0,"_bbp_total_topic_count":0,"_bbp_total_reply_count":0,"_bbp_voice_count":0,"_bbp_anonymous_reply_count":0,"_bbp_topic_count_hidden":0,"_bbp_reply_count_hidden":0,"_bbp_forum_subforum_count":0,"footnotes":""},"categories":[30,106],"tags":[],"class_list":{"0":"post-465495","1":"post","2":"type-post","3":"status-publish","4":"format-video","5":"has-post-thumbnail","7":"category-actualidad","8":"category-video-news","9":"post_format-post-format-video"},"_links":{"self":[{"href":"https:\/\/primermomento.com\/index.php?rest_route=\/wp\/v2\/posts\/465495","targetHints":{"allow":["GET"]}}],"collection":[{"href":"https:\/\/primermomento.com\/index.php?rest_route=\/wp\/v2\/posts"}],"about":[{"href":"https:\/\/primermomento.com\/index.php?rest_route=\/wp\/v2\/types\/post"}],"author":[{"embeddable":true,"href":"https:\/\/primermomento.com\/index.php?rest_route=\/wp\/v2\/users\/1"}],"replies":[{"embeddable":true,"href":"https:\/\/primermomento.com\/index.php?rest_route=%2Fwp%2Fv2%2Fcomments&post=465495"}],"version-history":[{"count":1,"href":"https:\/\/primermomento.com\/index.php?rest_route=\/wp\/v2\/posts\/465495\/revisions"}],"predecessor-version":[{"id":465499,"href":"https:\/\/primermomento.com\/index.php?rest_route=\/wp\/v2\/posts\/465495\/revisions\/465499"}],"wp:featuredmedia":[{"embeddable":true,"href":"https:\/\/primermomento.com\/index.php?rest_route=\/wp\/v2\/media\/465496"}],"wp:attachment":[{"href":"https:\/\/primermomento.com\/index.php?rest_route=%2Fwp%2Fv2%2Fmedia&parent=465495"}],"wp:term":[{"taxonomy":"category","embeddable":true,"href":"https:\/\/primermomento.com\/index.php?rest_route=%2Fwp%2Fv2%2Fcategories&post=465495"},{"taxonomy":"post_tag","embeddable":true,"href":"https:\/\/primermomento.com\/index.php?rest_route=%2Fwp%2Fv2%2Ftags&post=465495"}],"curies":[{"name":"wp","href":"https:\/\/api.w.org\/{rel}","templated":true}]}}