{"id":465504,"date":"2026-04-29T06:40:58","date_gmt":"2026-04-29T10:40:58","guid":{"rendered":"https:\/\/primermomento.com\/?p=465504"},"modified":"2026-04-29T12:36:05","modified_gmt":"2026-04-29T16:36:05","slug":"fifa-anuncia-nuevas-modificaciones-rumbo-a-la-copa-del-mundo","status":"publish","type":"post","link":"https:\/\/primermomento.com\/?p=465504","title":{"rendered":"FIFA anuncia nuevas modificaciones rumbo a la Copa del Mundo"},"content":{"rendered":"<p><strong><em>Por <span style=\"color: #ff0000;\">Prensa Latina<\/span><\/em><\/strong><\/p>\n<p>Vancouver, Canad\u00e1, CANAD\u00c1.- El Consejo de la Federaci\u00f3n Internacional de F\u00fatbol Asociaci\u00f3n (FIFA) anunci\u00f3 hoy nuevas disposiciones rumbo a la Copa del Mundo 2026.<\/p>\n<div class=\"elementor-element elementor-element-0aea3a0 elementor-widget elementor-widget-theme-post-content\" data-id=\"0aea3a0\" data-element_type=\"widget\" data-e-type=\"widget\" data-widget_type=\"theme-post-content.default\">\n<div class=\"elementor-widget-container\">\n<p>\u00a0Directivos del ente rector del balompi\u00e9 a nivel mundial se reunieron en la ciudad canadiense de Vancouver, una de las sedes de la magna lid de este verano, para debatir un grupo de modificaciones que contribuir\u00e1n al mejoramiento de la cita.<\/p>\n<p>Entre las principales medidas adoptadas sobresale un aumento del 15 por ciento adicional de los recursos que ascienden a un total de 871 millones de d\u00f3lares que se distribuir\u00e1n entre los 48 participantes.<\/p>\n<p>El Consejo de la FIFA aprob\u00f3 dos cambios en el reglamento relacionados con los jugadores que abandonan el terreno en protesta directa por una decisi\u00f3n arbitral y los jugadores que se cubren la boca cuando hablan con los oponentes en situaciones de confrontaci\u00f3n.<\/p>\n<p>Tambi\u00e9n trascendi\u00f3 que, tras la creaci\u00f3n del Equipo Femenino de Refugiadas Afganas, se decidi\u00f3 cambiar la reglamentaci\u00f3n vigente para permitir la participaci\u00f3n del conjunto en torneos oficiales de la FIFA.<\/p>\n<p>En un contexto donde el f\u00fatbol resulta un deporte cada vez m\u00e1s globalizado, su \u00f3rgano de direcci\u00f3n aplica nuevas metodolog\u00edas que contribuyen a mantenerlo atemperado a la realidad.<\/p>\n<\/div>\n<\/div>\n<div class=\"elementor-element elementor-element-4f75016 elementor-widget elementor-widget-post-info\" data-id=\"4f75016\" data-element_type=\"widget\" data-e-type=\"widget\" data-widget_type=\"post-info.default\">\n<div class=\"elementor-widget-container\">\n<ul class=\"elementor-inline-items elementor-icon-list-items elementor-post-info\">\n<li class=\"elementor-icon-list-item elementor-repeater-item-17dda3e elementor-inline-item\"><span class=\"elementor-icon-list-text elementor-post-info__item elementor-post-info__item--type-custom\">#<em><a href=\"https:\/\/primermomento.com\/?p=465504\" rel=\"tag\">FIFA<\/a><\/em><\/span><\/li>\n<\/ul>\n<\/div>\n<\/div>\n","protected":false},"excerpt":{"rendered":"<p>Por Prensa Latina Vancouver, Canad\u00e1, CANAD\u00c1.- El Consejo de la Federaci\u00f3n Internacional de F\u00fatbol Asociaci\u00f3n (FIFA) anunci\u00f3 hoy nuevas disposiciones rumbo a la Copa del Mundo 2026. \u00a0Directivos del ente rector del balompi\u00e9 a nivel mundial se reunieron en la ciudad canadiense de Vancouver, una de las sedes de la magna lid de este verano, [&hellip;]<\/p>\n","protected":false},"author":1,"featured_media":465505,"comment_status":"open","ping_status":"open","sticky":false,"template":"","format":"standard","meta":{"_bbp_topic_count":0,"_bbp_reply_count":0,"_bbp_total_topic_count":0,"_bbp_total_reply_count":0,"_bbp_voice_count":0,"_bbp_anonymous_reply_count":0,"_bbp_topic_count_hidden":0,"_bbp_reply_count_hidden":0,"_bbp_forum_subforum_count":0,"footnotes":""},"categories":[42],"tags":[],"class_list":{"0":"post-465504","1":"post","2":"type-post","3":"status-publish","4":"format-standard","5":"has-post-thumbnail","7":"category-deportes"},"_links":{"self":[{"href":"https:\/\/primermomento.com\/index.php?rest_route=\/wp\/v2\/posts\/465504","targetHints":{"allow":["GET"]}}],"collection":[{"href":"https:\/\/primermomento.com\/index.php?rest_route=\/wp\/v2\/posts"}],"about":[{"href":"https:\/\/primermomento.com\/index.php?rest_route=\/wp\/v2\/types\/post"}],"author":[{"embeddable":true,"href":"https:\/\/primermomento.com\/index.php?rest_route=\/wp\/v2\/users\/1"}],"replies":[{"embeddable":true,"href":"https:\/\/primermomento.com\/index.php?rest_route=%2Fwp%2Fv2%2Fcomments&post=465504"}],"version-history":[{"count":1,"href":"https:\/\/primermomento.com\/index.php?rest_route=\/wp\/v2\/posts\/465504\/revisions"}],"predecessor-version":[{"id":465506,"href":"https:\/\/primermomento.com\/index.php?rest_route=\/wp\/v2\/posts\/465504\/revisions\/465506"}],"wp:featuredmedia":[{"embeddable":true,"href":"https:\/\/primermomento.com\/index.php?rest_route=\/wp\/v2\/media\/465505"}],"wp:attachment":[{"href":"https:\/\/primermomento.com\/index.php?rest_route=%2Fwp%2Fv2%2Fmedia&parent=465504"}],"wp:term":[{"taxonomy":"category","embeddable":true,"href":"https:\/\/primermomento.com\/index.php?rest_route=%2Fwp%2Fv2%2Fcategories&post=465504"},{"taxonomy":"post_tag","embeddable":true,"href":"https:\/\/primermomento.com\/index.php?rest_route=%2Fwp%2Fv2%2Ftags&post=465504"}],"curies":[{"name":"wp","href":"https:\/\/api.w.org\/{rel}","templated":true}]}}