{"id":465513,"date":"2026-04-29T14:40:48","date_gmt":"2026-04-29T18:40:48","guid":{"rendered":"https:\/\/primermomento.com\/?p=465513"},"modified":"2026-04-29T14:41:54","modified_gmt":"2026-04-29T18:41:54","slug":"gremios-de-enfermeria-inician-paro-de-24-horas-en-dominicana","status":"publish","type":"post","link":"https:\/\/primermomento.com\/?p=465513","title":{"rendered":"Gremios de enfermer\u00eda inician paro de 24 horas en Dominicana"},"content":{"rendered":"<p><strong><em>Por <span style=\"color: #ff0000;\">Prensa Latina<\/span><\/em><\/strong><\/p>\n<p>SANTO DOMINGO, Rep\u00fablica Dominicana.- Gremios del sector enfermer\u00eda de la Rep\u00fablica Dominicana realizan hoy un plant\u00f3n de 24 horas a nivel nacional, en demanda del cumplimiento de una serie de reivindicaciones laborales pendientes desde hace varios a\u00f1os.<\/p>\n<div class=\"elementor-element elementor-element-0aea3a0 elementor-widget elementor-widget-theme-post-content\" data-id=\"0aea3a0\" data-element_type=\"widget\" data-e-type=\"widget\" data-widget_type=\"theme-post-content.default\">\n<div class=\"elementor-widget-container\">\n<p>La jornada de protesta inici\u00f3 en hospitales p\u00fablicos a las 08:00, hora local, de este mi\u00e9rcoles y se extender\u00e1 hasta la misma hora de ma\u00f1ana.<\/p>\n<p>Entre las organizaciones participantes figuran el Sindicato Nacional de Trabajadores de Enfermer\u00eda (Sinatrae), la Asociaci\u00f3n Nacional de Enfermer\u00eda (Asonaen), la Uni\u00f3n Nacional de Servicios de Enfermer\u00eda (Unased) y el Colegio de Profesionales de Enfermer\u00eda (Codopen), entre otras agrupaciones.<\/p>\n<p>Los empleados exigen la remuneraci\u00f3n del tiempo en servicio, cambios de designaci\u00f3n o reclasificaci\u00f3n, nivelaci\u00f3n salarial, incentivos por distancia, pensiones completas para trabajadores con m\u00e1s de 30 a\u00f1os de servicio y m\u00e1s de 70 a\u00f1os de edad y el nombramiento de m\u00e1s personal.<\/p>\n<p>Ana Linares, vicepresidenta del Comit\u00e9 Ejecutivo de Enfermer\u00eda, afirm\u00f3 que solo reclaman derechos adquiridos y denunci\u00f3 que han sido ignorados, pese a tantos a\u00f1os de lucha.<\/p>\n<p>Anyelo Santana, secretario de la juventud de Unased, denunci\u00f3 casos de profesionales con altos niveles acad\u00e9micos que contin\u00faan desempe\u00f1\u00e1ndose como auxiliares, lo que calific\u00f3 como una falta de reconocimiento.<\/p>\n<p>Santana asegur\u00f3 que estas demandas llevan aproximadamente seis a\u00f1os sin soluci\u00f3n y reiter\u00f3 que buscan ser recibidos directamente por el presidente de la Rep\u00fablica, Luis Abinader.<\/p>\n<\/div>\n<\/div>\n<div class=\"elementor-element elementor-element-4f75016 elementor-widget elementor-widget-post-info\" data-id=\"4f75016\" data-element_type=\"widget\" data-e-type=\"widget\" data-widget_type=\"post-info.default\">\n<div class=\"elementor-widget-container\">\n<ul class=\"elementor-inline-items elementor-icon-list-items elementor-post-info\">\n<li class=\"elementor-icon-list-item elementor-repeater-item-17dda3e elementor-inline-item\"><em><span class=\"elementor-icon-list-text elementor-post-info__item elementor-post-info__item--type-custom\">#<a href=\"https:\/\/primermomento.com\/?p=465513\" rel=\"tag\">plant\u00f3n 24 horas<\/a>\u00a0#<a href=\"https:\/\/primermomento.com\/?p=465513\" rel=\"tag\">reivindicaciones<\/a><\/span><\/em><\/li>\n<\/ul>\n<\/div>\n<\/div>\n","protected":false},"excerpt":{"rendered":"<p>Por Prensa Latina SANTO DOMINGO, Rep\u00fablica Dominicana.- Gremios del sector enfermer\u00eda de la Rep\u00fablica Dominicana realizan hoy un plant\u00f3n de 24 horas a nivel nacional, en demanda del cumplimiento de una serie de reivindicaciones laborales pendientes desde hace varios a\u00f1os. La jornada de protesta inici\u00f3 en hospitales p\u00fablicos a las 08:00, hora local, de este [&hellip;]<\/p>\n","protected":false},"author":1,"featured_media":465514,"comment_status":"open","ping_status":"open","sticky":false,"template":"","format":"standard","meta":{"_bbp_topic_count":0,"_bbp_reply_count":0,"_bbp_total_topic_count":0,"_bbp_total_reply_count":0,"_bbp_voice_count":0,"_bbp_anonymous_reply_count":0,"_bbp_topic_count_hidden":0,"_bbp_reply_count_hidden":0,"_bbp_forum_subforum_count":0,"footnotes":""},"categories":[30],"tags":[],"class_list":{"0":"post-465513","1":"post","2":"type-post","3":"status-publish","4":"format-standard","5":"has-post-thumbnail","7":"category-actualidad"},"_links":{"self":[{"href":"https:\/\/primermomento.com\/index.php?rest_route=\/wp\/v2\/posts\/465513","targetHints":{"allow":["GET"]}}],"collection":[{"href":"https:\/\/primermomento.com\/index.php?rest_route=\/wp\/v2\/posts"}],"about":[{"href":"https:\/\/primermomento.com\/index.php?rest_route=\/wp\/v2\/types\/post"}],"author":[{"embeddable":true,"href":"https:\/\/primermomento.com\/index.php?rest_route=\/wp\/v2\/users\/1"}],"replies":[{"embeddable":true,"href":"https:\/\/primermomento.com\/index.php?rest_route=%2Fwp%2Fv2%2Fcomments&post=465513"}],"version-history":[{"count":1,"href":"https:\/\/primermomento.com\/index.php?rest_route=\/wp\/v2\/posts\/465513\/revisions"}],"predecessor-version":[{"id":465515,"href":"https:\/\/primermomento.com\/index.php?rest_route=\/wp\/v2\/posts\/465513\/revisions\/465515"}],"wp:featuredmedia":[{"embeddable":true,"href":"https:\/\/primermomento.com\/index.php?rest_route=\/wp\/v2\/media\/465514"}],"wp:attachment":[{"href":"https:\/\/primermomento.com\/index.php?rest_route=%2Fwp%2Fv2%2Fmedia&parent=465513"}],"wp:term":[{"taxonomy":"category","embeddable":true,"href":"https:\/\/primermomento.com\/index.php?rest_route=%2Fwp%2Fv2%2Fcategories&post=465513"},{"taxonomy":"post_tag","embeddable":true,"href":"https:\/\/primermomento.com\/index.php?rest_route=%2Fwp%2Fv2%2Ftags&post=465513"}],"curies":[{"name":"wp","href":"https:\/\/api.w.org\/{rel}","templated":true}]}}