{"id":465516,"date":"2026-04-29T13:00:15","date_gmt":"2026-04-29T17:00:15","guid":{"rendered":"https:\/\/primermomento.com\/?p=465516"},"modified":"2026-04-29T14:44:24","modified_gmt":"2026-04-29T18:44:24","slug":"ministro-dominicano-afirma-mineria-debe-equilibrar-economia-y-entorno","status":"publish","type":"post","link":"https:\/\/primermomento.com\/?p=465516","title":{"rendered":"Ministro dominicano afirma miner\u00eda debe equilibrar econom\u00eda y entorno"},"content":{"rendered":"<p><strong><em>Por <span style=\"color: #ff0000;\">Prensa Latina<\/span><\/em><\/strong><\/p>\n<p>SANTO DOMINGO, Rep\u00fablica Dominicana.- El ministro dominicano de Energ\u00eda y Minas, Joel Santos, afirm\u00f3 hoy que el futuro de la miner\u00eda en el pa\u00eds debe definirse a partir de un balance entre la protecci\u00f3n ambiental y el desarrollo econ\u00f3mico.<\/p>\n<div class=\"elementor-element elementor-element-0aea3a0 elementor-widget elementor-widget-theme-post-content\" data-id=\"0aea3a0\" data-element_type=\"widget\" data-e-type=\"widget\" data-widget_type=\"theme-post-content.default\">\n<div class=\"elementor-widget-container\">\n<p>Advirti\u00f3 que cualquier decisi\u00f3n sobre proyectos mineros debe sustentarse en evidencia cient\u00edfica, el respeto al debido proceso y un di\u00e1logo transparente con las comunidades.<\/p>\n<p>Precis\u00f3 que el debate sobre el desarrollo minero en San Juan de la Maguana (suroeste) gira en torno a garantizar el crecimiento sin comprometer los recursos naturales ni la estabilidad social.<\/p>\n<p>Santos explic\u00f3 que actualmente se realiza un estudio de impacto ambiental conforme a los lineamientos del Ministerio de Medio Ambiente y Recursos Naturales, con la participaci\u00f3n de especialistas internacionales.<\/p>\n<p>\u201cEn Rep\u00fablica Dominicana las decisiones no pueden basarse en rumores. Se construyen con evidencia, institucionalidad y di\u00e1logo directo con la gente\u201d, expres\u00f3.<\/p>\n<p>El funcionario insisti\u00f3 en que el desarrollo minero sostenible no es incompatible con la protecci\u00f3n ambiental, aunque subray\u00f3 que la clave est\u00e1 en lograr un equilibrio.<\/p>\n<p>\u201cNo se trata de elegir entre econom\u00eda o medio ambiente, sino de garantizar que ambos convivan bajo reglas claras y supervisi\u00f3n t\u00e9cnica rigurosa\u201d, indic\u00f3.<\/p>\n<p>En ese contexto, reafirm\u00f3 que el rol del Gobierno no es promover proyectos a cualquier costo, sino actuar como garante del inter\u00e9s nacional.<\/p>\n<p>Se\u00f1al\u00f3 que, en una provincia con fuerte vocaci\u00f3n agr\u00edcola como San Juan, el enfoque debe ser responsable, respetando su identidad productiva y protegiendo sus recursos h\u00eddricos y suelos. Destac\u00f3 que el sector ofrece salarios competitivos, genera encadenamientos productivos y posee un car\u00e1cter contrac\u00edclico que le permite sostener su aporte incluso en contextos internacionales complejos.<\/p>\n<p>Tambi\u00e9n resalt\u00f3 el peso del sector en la econom\u00eda. Inform\u00f3 que la miner\u00eda creci\u00f3 7.7 por ciento en el primer trimestre de 2026, siendo la actividad de mayor dinamismo, impulsado por mayores vol\u00famenes de extracci\u00f3n de oro, plata y materiales de construcci\u00f3n.<\/p>\n<p>Indic\u00f3 que este desempe\u00f1o se dio en un contexto en el que la econom\u00eda nacional acumul\u00f3 una expansi\u00f3n de 4.1 por ciento, seg\u00fan el Indicador Mensual de Actividad Econ\u00f3mica (IMAE) del Banco Central.<\/p>\n<p>Como parte de la visi\u00f3n de futuro, el titular anunci\u00f3 que el Gobierno impulsa un proyecto de ley para modernizar el sector minero.<\/p>\n<p>Detall\u00f3 que esta iniciativa abarcar\u00e1 aspectos como la relaci\u00f3n con las comunidades, el r\u00e9gimen fiscal y el fortalecimiento de las normativas ambientales.<\/p>\n<p>En San Juan de la Maguana, el desarrollo de proyectos mineros ha generado un intenso debate entre autoridades, empresas y comunidades.<\/p>\n<p>Mientras el Gobierno sostiene que cualquier decisi\u00f3n debe basarse en estudios de impacto ambiental, sectores comunitarios y sociales han manifestado preocupaci\u00f3n por los posibles efectos sobre el agua, los suelos y la actividad agr\u00edcola, principal sustento de la provincia.<\/p>\n<p>El temor a da\u00f1os ambientales y a que los beneficios econ\u00f3micos no se distribuyan de forma equitativa mantiene el tema en discusi\u00f3n, en un contexto donde a\u00fan no se ha tomado una decisi\u00f3n definitiva.<\/p>\n<\/div>\n<\/div>\n<div class=\"elementor-element elementor-element-4f75016 elementor-widget elementor-widget-post-info\" data-id=\"4f75016\" data-element_type=\"widget\" data-e-type=\"widget\" data-widget_type=\"post-info.default\">\n<div class=\"elementor-widget-container\">\n<ul class=\"elementor-inline-items elementor-icon-list-items elementor-post-info\">\n<li class=\"elementor-icon-list-item elementor-repeater-item-17dda3e elementor-inline-item\"><span class=\"elementor-icon-list-text elementor-post-info__item elementor-post-info__item--type-custom\">#<em><a href=\"https:\/\/primermomento.com\/?p=465516\" rel=\"tag\">equilibrio<\/a><\/em><\/span><\/li>\n<\/ul>\n<\/div>\n<\/div>\n","protected":false},"excerpt":{"rendered":"<p>Por Prensa Latina SANTO DOMINGO, Rep\u00fablica Dominicana.- El ministro dominicano de Energ\u00eda y Minas, Joel Santos, afirm\u00f3 hoy que el futuro de la miner\u00eda en el pa\u00eds debe definirse a partir de un balance entre la protecci\u00f3n ambiental y el desarrollo econ\u00f3mico. Advirti\u00f3 que cualquier decisi\u00f3n sobre proyectos mineros debe sustentarse en evidencia cient\u00edfica, el [&hellip;]<\/p>\n","protected":false},"author":1,"featured_media":423705,"comment_status":"open","ping_status":"open","sticky":false,"template":"","format":"standard","meta":{"_bbp_topic_count":0,"_bbp_reply_count":0,"_bbp_total_topic_count":0,"_bbp_total_reply_count":0,"_bbp_voice_count":0,"_bbp_anonymous_reply_count":0,"_bbp_topic_count_hidden":0,"_bbp_reply_count_hidden":0,"_bbp_forum_subforum_count":0,"footnotes":""},"categories":[30],"tags":[],"class_list":{"0":"post-465516","1":"post","2":"type-post","3":"status-publish","4":"format-standard","5":"has-post-thumbnail","7":"category-actualidad"},"_links":{"self":[{"href":"https:\/\/primermomento.com\/index.php?rest_route=\/wp\/v2\/posts\/465516","targetHints":{"allow":["GET"]}}],"collection":[{"href":"https:\/\/primermomento.com\/index.php?rest_route=\/wp\/v2\/posts"}],"about":[{"href":"https:\/\/primermomento.com\/index.php?rest_route=\/wp\/v2\/types\/post"}],"author":[{"embeddable":true,"href":"https:\/\/primermomento.com\/index.php?rest_route=\/wp\/v2\/users\/1"}],"replies":[{"embeddable":true,"href":"https:\/\/primermomento.com\/index.php?rest_route=%2Fwp%2Fv2%2Fcomments&post=465516"}],"version-history":[{"count":1,"href":"https:\/\/primermomento.com\/index.php?rest_route=\/wp\/v2\/posts\/465516\/revisions"}],"predecessor-version":[{"id":465517,"href":"https:\/\/primermomento.com\/index.php?rest_route=\/wp\/v2\/posts\/465516\/revisions\/465517"}],"wp:featuredmedia":[{"embeddable":true,"href":"https:\/\/primermomento.com\/index.php?rest_route=\/wp\/v2\/media\/423705"}],"wp:attachment":[{"href":"https:\/\/primermomento.com\/index.php?rest_route=%2Fwp%2Fv2%2Fmedia&parent=465516"}],"wp:term":[{"taxonomy":"category","embeddable":true,"href":"https:\/\/primermomento.com\/index.php?rest_route=%2Fwp%2Fv2%2Fcategories&post=465516"},{"taxonomy":"post_tag","embeddable":true,"href":"https:\/\/primermomento.com\/index.php?rest_route=%2Fwp%2Fv2%2Ftags&post=465516"}],"curies":[{"name":"wp","href":"https:\/\/api.w.org\/{rel}","templated":true}]}}