{"id":465521,"date":"2026-04-29T07:05:40","date_gmt":"2026-04-29T11:05:40","guid":{"rendered":"https:\/\/primermomento.com\/?p=465521"},"modified":"2026-04-29T14:52:52","modified_gmt":"2026-04-29T18:52:52","slug":"el-cibao-nuevo-eje-de-la-vida-cultural-en-la-republica-dominicana","status":"publish","type":"post","link":"https:\/\/primermomento.com\/?p=465521","title":{"rendered":"El Cibao, nuevo eje de la vida cultural en la Rep\u00fablica Dominicana"},"content":{"rendered":"<p><strong><em>Por <span style=\"color: #ff0000;\">Prensa Latina<\/span><\/em><\/strong><\/p>\n<p>SANTO DOMINGO, Rep\u00fablica Dominicana.- En un contexto en el que las grandes capitales concentran la producci\u00f3n cultural, la primera Feria Regional del Libro y la Cultura del Cibao en Santiago de los Caballeros marca hoy un punto de inflexi\u00f3n en el mapa cultural dominicano.<\/p>\n<p>No se trata solo de una feria exitosa \u2014medible en t\u00e9rminos de asistencia, ventas o volumen de actividades\u2014, sino de un gesto pol\u00edtico y cultural que desplaza el centro de gravedad de la vida intelectual del pa\u00eds, en consonancia con la estrategia de descentralizaci\u00f3n que impulsa el Ministerio de Cultura.<\/p>\n<p>Durante siete d\u00edas, el libro dej\u00f3 de ser un objeto restringido a circuitos especializados para convertirse en una experiencia compartida, con la participaci\u00f3n activa de las 14 provincias de la regi\u00f3n norte.<\/p>\n<p>Familias, estudiantes y lectores ocasionales confluyeron en un espacio que desbord\u00f3 la l\u00f3gica tradicional de las ferias literarias, al integrar tecnolog\u00eda, artes, pensamiento cr\u00edtico y pedagog\u00eda en una misma conversaci\u00f3n p\u00fablica.<\/p>\n<p>Esa capacidad de convocatoria desde la diversidad es, quiz\u00e1, su mayor logro.<\/p>\n<p>El Cibao \u2014hist\u00f3ricamente f\u00e9rtil en producci\u00f3n cultural, pero a veces relegado en t\u00e9rminos de visibilidad\u2014 asumi\u00f3 un rol protag\u00f3nico como afirmaci\u00f3n de una identidad plural que exige ser le\u00edda en sus propios t\u00e9rminos.<\/p>\n<p>La institucionalizaci\u00f3n anual del evento, anunciada por el presidente dominicano, Luis Abinader, introduce una oportunidad decisiva: la continuidad.<\/p>\n<p>Sin ella, toda efervescencia cultural corre el riesgo de diluirse en la an\u00e9cdota; con ella, en cambio, se abre la posibilidad de construir tradici\u00f3n, de sedimentar p\u00fablicos y de que el libro deje de ser una celebraci\u00f3n epis\u00f3dica para convertirse en una presencia constante en la vida social.<\/p>\n<p>Resulta igualmente revelador que, en paralelo a la oferta literaria, convivieran propuestas que vinculan la cultura con \u00e1mbitos como la ciencia.<\/p>\n<p>Hay, sin embargo, un desaf\u00edo impl\u00edcito: evitar que el \u00e9xito inicial se convierta en f\u00f3rmula.<\/p>\n<p>Toda pol\u00edtica cultural que aspire a perdurar debe sostenerse en la innovaci\u00f3n, en la escucha activa de sus p\u00fablicos y en la capacidad de reinventarse sin perder su prop\u00f3sito.<\/p>\n<p>La experiencia del Cibao podr\u00eda trascender sus fronteras y dialogar con otros contextos latinoamericanos donde el acceso a la cultura sigue siendo profundamente desigual.<\/p>\n<p>Por ahora, queda una certeza: durante una semana, el libro ocup\u00f3 un lugar central en la vida p\u00fablica de una regi\u00f3n que hist\u00f3ricamente ha sido narrada desde fuera. Y en ese desplazamiento contundente radica buena parte de su trascendencia.<\/p>\n","protected":false},"excerpt":{"rendered":"<p>Por Prensa Latina SANTO DOMINGO, Rep\u00fablica Dominicana.- En un contexto en el que las grandes capitales concentran la producci\u00f3n cultural, la primera Feria Regional del Libro y la Cultura del Cibao en Santiago de los Caballeros marca hoy un punto de inflexi\u00f3n en el mapa cultural dominicano. No se trata solo de una feria exitosa [&hellip;]<\/p>\n","protected":false},"author":1,"featured_media":465522,"comment_status":"open","ping_status":"open","sticky":false,"template":"","format":"standard","meta":{"_bbp_topic_count":0,"_bbp_reply_count":0,"_bbp_total_topic_count":0,"_bbp_total_reply_count":0,"_bbp_voice_count":0,"_bbp_anonymous_reply_count":0,"_bbp_topic_count_hidden":0,"_bbp_reply_count_hidden":0,"_bbp_forum_subforum_count":0,"footnotes":""},"categories":[39],"tags":[],"class_list":{"0":"post-465521","1":"post","2":"type-post","3":"status-publish","4":"format-standard","5":"has-post-thumbnail","7":"category-entretenimiento"},"_links":{"self":[{"href":"https:\/\/primermomento.com\/index.php?rest_route=\/wp\/v2\/posts\/465521","targetHints":{"allow":["GET"]}}],"collection":[{"href":"https:\/\/primermomento.com\/index.php?rest_route=\/wp\/v2\/posts"}],"about":[{"href":"https:\/\/primermomento.com\/index.php?rest_route=\/wp\/v2\/types\/post"}],"author":[{"embeddable":true,"href":"https:\/\/primermomento.com\/index.php?rest_route=\/wp\/v2\/users\/1"}],"replies":[{"embeddable":true,"href":"https:\/\/primermomento.com\/index.php?rest_route=%2Fwp%2Fv2%2Fcomments&post=465521"}],"version-history":[{"count":1,"href":"https:\/\/primermomento.com\/index.php?rest_route=\/wp\/v2\/posts\/465521\/revisions"}],"predecessor-version":[{"id":465523,"href":"https:\/\/primermomento.com\/index.php?rest_route=\/wp\/v2\/posts\/465521\/revisions\/465523"}],"wp:featuredmedia":[{"embeddable":true,"href":"https:\/\/primermomento.com\/index.php?rest_route=\/wp\/v2\/media\/465522"}],"wp:attachment":[{"href":"https:\/\/primermomento.com\/index.php?rest_route=%2Fwp%2Fv2%2Fmedia&parent=465521"}],"wp:term":[{"taxonomy":"category","embeddable":true,"href":"https:\/\/primermomento.com\/index.php?rest_route=%2Fwp%2Fv2%2Fcategories&post=465521"},{"taxonomy":"post_tag","embeddable":true,"href":"https:\/\/primermomento.com\/index.php?rest_route=%2Fwp%2Fv2%2Ftags&post=465521"}],"curies":[{"name":"wp","href":"https:\/\/api.w.org\/{rel}","templated":true}]}}