{"id":465524,"date":"2026-04-29T12:17:13","date_gmt":"2026-04-29T16:17:13","guid":{"rendered":"https:\/\/primermomento.com\/?p=465524"},"modified":"2026-04-29T14:56:39","modified_gmt":"2026-04-29T18:56:39","slug":"partido-pld-alerta-sobre-fragilidad-del-modelo-economico-dominicano","status":"publish","type":"post","link":"https:\/\/primermomento.com\/?p=465524","title":{"rendered":"Partido PLD alerta sobre fragilidad del modelo econ\u00f3mico dominicano"},"content":{"rendered":"<p><strong><em>Por <span style=\"color: #ff0000;\">Prensa Latina<\/span><\/em><\/strong><\/p>\n<p>SANTO DOMINGO, Rep\u00fablica Dominicana.- Melanio Paredes, miembro del Comit\u00e9 Pol\u00edtico del Partido de la Liberaci\u00f3n Dominicana (PLD), advirti\u00f3 hoy sobre la fragilidad del modelo econ\u00f3mico y exhort\u00f3 al Gobierno a impulsar acciones para su reestructuraci\u00f3n, a fin de evitar el colapso de sectores productivos.<\/p>\n<div class=\"elementor-element elementor-element-0aea3a0 elementor-widget elementor-widget-theme-post-content\" data-id=\"0aea3a0\" data-element_type=\"widget\" data-e-type=\"widget\" data-widget_type=\"theme-post-content.default\">\n<div class=\"elementor-widget-container\">\n<p>Paredes expres\u00f3 adem\u00e1s preocupaci\u00f3n por la vulnerabilidad del sector de zonas francas ante cambios en la pol\u00edtica comercial internacional, al se\u00f1alar que su estabilidad no est\u00e1 garantizada y ha mostrado se\u00f1ales de debilidad frente a medidas arancelarias.<\/p>\n<p>El tambi\u00e9n exministro de Industria y Comercio record\u00f3 que el esquema de zonas francas se \u201ctambale\u00f3\u201d con la aplicaci\u00f3n de un 10 por ciento de aranceles, por lo que advirti\u00f3 que tarifas m\u00e1s elevadas tendr\u00edan un impacto devastador.<\/p>\n<p>Vincul\u00f3 esta situaci\u00f3n con la dependencia estructural de la econom\u00eda dominicana de factores externos.<\/p>\n<p>En ese contexto, cuestion\u00f3 el crecimiento econ\u00f3mico de 5.1 por ciento reportado por el Banco Central, al considerar que est\u00e1 sustentado en sectores como turismo, remesas, miner\u00eda y zonas francas, todos altamente expuestos a din\u00e1micas internacionales.<\/p>\n<p>Paredes alert\u00f3 que el turismo, uno de los principales motores de la econom\u00eda, puede verse afectado por crisis globales, como conflictos b\u00e9licos o restricciones al transporte a\u00e9reo.<\/p>\n<p>Record\u00f3 que la pandemia de la Covid-19 evidenci\u00f3 la vulnerabilidad de este sector, por lo que no se debe asumir que su crecimiento ser\u00e1 sostenido.<\/p>\n<p>El dirigente pol\u00edtico advirti\u00f3 sobre posibles reducciones en las remesas debido a presiones econ\u00f3micas en Estados Unidos, como la inflaci\u00f3n y las dificultades de acceso a la vivienda, lo que podr\u00eda limitar la capacidad de la di\u00e1spora para enviar recursos al pa\u00eds.<\/p>\n<p>\u201cEstamos dependiendo de variables que no controlamos. Cuarenta a\u00f1os despu\u00e9s, seguimos atados a motores externos. Por eso es imprescindible iniciar un proceso de reestructuraci\u00f3n econ\u00f3mica que fortalezca nuestra capacidad productiva interna\u201d, enfatiz\u00f3.<\/p>\n<p>Finalmente, destac\u00f3 el potencial estrat\u00e9gico del pa\u00eds por su ubicaci\u00f3n geogr\u00e1fica en el Caribe, y se\u00f1al\u00f3 que esta ventaja debe ser aprovechada para construir un modelo econ\u00f3mico m\u00e1s resiliente y sostenible.<\/p>\n<\/div>\n<\/div>\n<div class=\"elementor-element elementor-element-4f75016 elementor-widget elementor-widget-post-info\" data-id=\"4f75016\" data-element_type=\"widget\" data-e-type=\"widget\" data-widget_type=\"post-info.default\">\n<div class=\"elementor-widget-container\">\n<ul class=\"elementor-inline-items elementor-icon-list-items elementor-post-info\">\n<li class=\"elementor-icon-list-item elementor-repeater-item-17dda3e elementor-inline-item\"><em><span class=\"elementor-icon-list-text elementor-post-info__item elementor-post-info__item--type-custom\">#<a href=\"https:\/\/primermomento.com\/?p=465524\" rel=\"tag\">fragilidad econ\u00f3mica<\/a>\u00a0#<a href=\"https:\/\/primermomento.com\/?p=465524\" rel=\"tag\">Melanio Paredes<\/a>\u00a0#<a href=\"https:\/\/primermomento.com\/?p=465524\" rel=\"tag\">pld<\/a><\/span><\/em><\/li>\n<\/ul>\n<\/div>\n<\/div>\n","protected":false},"excerpt":{"rendered":"<p>Por Prensa Latina SANTO DOMINGO, Rep\u00fablica Dominicana.- Melanio Paredes, miembro del Comit\u00e9 Pol\u00edtico del Partido de la Liberaci\u00f3n Dominicana (PLD), advirti\u00f3 hoy sobre la fragilidad del modelo econ\u00f3mico y exhort\u00f3 al Gobierno a impulsar acciones para su reestructuraci\u00f3n, a fin de evitar el colapso de sectores productivos. Paredes expres\u00f3 adem\u00e1s preocupaci\u00f3n por la vulnerabilidad del [&hellip;]<\/p>\n","protected":false},"author":1,"featured_media":465525,"comment_status":"open","ping_status":"open","sticky":false,"template":"","format":"standard","meta":{"_bbp_topic_count":0,"_bbp_reply_count":0,"_bbp_total_topic_count":0,"_bbp_total_reply_count":0,"_bbp_voice_count":0,"_bbp_anonymous_reply_count":0,"_bbp_topic_count_hidden":0,"_bbp_reply_count_hidden":0,"_bbp_forum_subforum_count":0,"footnotes":""},"categories":[31],"tags":[],"class_list":{"0":"post-465524","1":"post","2":"type-post","3":"status-publish","4":"format-standard","5":"has-post-thumbnail","7":"category-estados-unidos"},"_links":{"self":[{"href":"https:\/\/primermomento.com\/index.php?rest_route=\/wp\/v2\/posts\/465524","targetHints":{"allow":["GET"]}}],"collection":[{"href":"https:\/\/primermomento.com\/index.php?rest_route=\/wp\/v2\/posts"}],"about":[{"href":"https:\/\/primermomento.com\/index.php?rest_route=\/wp\/v2\/types\/post"}],"author":[{"embeddable":true,"href":"https:\/\/primermomento.com\/index.php?rest_route=\/wp\/v2\/users\/1"}],"replies":[{"embeddable":true,"href":"https:\/\/primermomento.com\/index.php?rest_route=%2Fwp%2Fv2%2Fcomments&post=465524"}],"version-history":[{"count":1,"href":"https:\/\/primermomento.com\/index.php?rest_route=\/wp\/v2\/posts\/465524\/revisions"}],"predecessor-version":[{"id":465526,"href":"https:\/\/primermomento.com\/index.php?rest_route=\/wp\/v2\/posts\/465524\/revisions\/465526"}],"wp:featuredmedia":[{"embeddable":true,"href":"https:\/\/primermomento.com\/index.php?rest_route=\/wp\/v2\/media\/465525"}],"wp:attachment":[{"href":"https:\/\/primermomento.com\/index.php?rest_route=%2Fwp%2Fv2%2Fmedia&parent=465524"}],"wp:term":[{"taxonomy":"category","embeddable":true,"href":"https:\/\/primermomento.com\/index.php?rest_route=%2Fwp%2Fv2%2Fcategories&post=465524"},{"taxonomy":"post_tag","embeddable":true,"href":"https:\/\/primermomento.com\/index.php?rest_route=%2Fwp%2Fv2%2Ftags&post=465524"}],"curies":[{"name":"wp","href":"https:\/\/api.w.org\/{rel}","templated":true}]}}