{"id":465536,"date":"2026-04-29T06:52:21","date_gmt":"2026-04-29T10:52:21","guid":{"rendered":"https:\/\/primermomento.com\/?p=465536"},"modified":"2026-04-29T17:57:49","modified_gmt":"2026-04-29T21:57:49","slug":"violencia-politica-y-terrorismo-de-estado","status":"publish","type":"post","link":"https:\/\/primermomento.com\/?p=465536","title":{"rendered":"Violencia pol\u00edtica y terrorismo de estado"},"content":{"rendered":"<section class=\"nota-top-part\"><strong><em>Por <span style=\"color: #ff0000;\">C\u00e9sar P\u00e9rez<\/span><\/em><\/strong><\/p>\n<p><span style=\"color: #222222; font-family: Verdana, BlinkMacSystemFont, -apple-system, 'Segoe UI', Roboto, Oxygen, Ubuntu, Cantarell, 'Open Sans', 'Helvetica Neue', sans-serif; font-size: 15px;\">La violencia, asesinatos, terrorismo de car\u00e1cter pol\u00edtico, religioso, \u00e9tnico, etc., ha sido una constante en la historia. Sus expresiones cambian en sus formas, contenidos, simbolismos y regiones, pero el recurso a ese m\u00e9todo para imponer ideas, causas o fes mantiene su esencia y su aborrecible uso a trav\u00e9s del tiempo. En Occidente se ha querido vender la idea de que el monopolio de ese recurso lo tienen los orientales y, m\u00e1s espec\u00edficamente, el mundo \u00e1rabe. De ese modo se trata de ocultar la larga y aterradora historia de violencia que ha jalonado la historia de esta parte del mundo. Sobre todo, en estos \u00faltimos tiempos de consumaci\u00f3n e intentos de magnicidios, exterminios, holocaustos met\u00f3dicamente planificados, persecuciones y de sa\u00f1a enfermiza usadas en las torturas contra disidentes o no fieles.<\/span><\/p>\n<\/section>\n<div class=\"article-body\">\n<figure id=\"attachment_378785\" aria-describedby=\"caption-attachment-378785\" style=\"width: 300px\" class=\"wp-caption alignleft\"><img loading=\"lazy\" decoding=\"async\" class=\"size-medium wp-image-378785\" src=\"https:\/\/primermomento.com\/wp-content\/uploads\/2023\/02\/cesar-perez-1-300x200.jpeg\" alt=\"\" width=\"300\" height=\"200\" \/><figcaption id=\"caption-attachment-378785\" class=\"wp-caption-text\">C\u00e9sar P\u00e9rez<br \/>Soci\u00f3logo<\/figcaption><\/figure>\n<p>Cierto es que durante los siglos XI y XIII, y quiz\u00e1s m\u00e1s, la violencia y los magnicidios eran en extremo frecuentes en Oriente Medio, coincidiendo con los casi 200 a\u00f1os del clima de violencia generado por los cruzados. Durante esos siglos, los asesinatos a altos jefes de gobierno, de tribus o de sectas religiosas se hac\u00edan preferentemente en plazas p\u00fablicas, a plena luz del d\u00eda y en presencia de mucha gente, como mensajes simb\u00f3licos de escarmiento o terror. Naturalmente, quien o quienes comet\u00edan el hecho eran liquidados en el acto. Por eso Amin Maalouf, en su obra\u00a0<em>Las cruzadas contadas por los \u00e1rabes<\/em>, dice que muchos los que se inmolaban en esas acciones lo hac\u00edan bajo los efectos del hach\u00eds; de ah\u00ed el origen de la palabra asesino, que viene de\u00a0<em>hashshashin<\/em>, que en \u00e1rabe quiere decir adictos al hach\u00eds, una secta religiosa \u00e1rabe.<\/p>\n<p>Refiere el autor citado que, en 1162, en Egipto, al instalarse en el poder un jefe del pa\u00eds, la guada\u00f1a de la muerte pend\u00eda sobre su vida, porque de sus quince antecesores solo uno escap\u00f3 al magnicidio. Todos fueron decapitados, envenenados, ahorcados, etc. En esas matanzas participaban hijos contra padres, padres contra hijos, amantes o cortesanos de toda suerte, como en Europa en esa \u00e9poca y durante toda su historia. Albert Camus, en\u00a0<em>El hombre rebelde<\/em>, da cuenta de los muchos actos de terrorismo de estado, de la abundante sangre derramada causada por el sectarismo religioso y nacionalista durante el siglo XIX, en el cual hubo numerosos magnicidios consumados o intentados, as\u00ed como el asesinato de reyes, jefes de estado, altos funcionarios y jefes militares. Solo en 1892 se contaron en Europa m\u00e1s de un millar de atentados con dinamita.<\/p>\n<p>En EE. UU. se contaron alrededor de quinientas acciones de esa naturaleza, siendo el pa\u00eds de alto desarrollo econ\u00f3mico con mayor cantidad de presidentes asesinados durante el ejercicio de su mandato, aparte de los numerosos intentos de magnicidios frustrados y en los que han herido a quienes se ha intentado asesinar en los \u00faltimos dos siglos. Desde entonces, hasta un d\u00eda tan cercano como el de la semana pasada, se intent\u00f3 un magnicidio contra el actual presidente de ese pa\u00eds. Un acto condenable, como toda forma de terrorismo, sin importar la causa que se invoque. Y es que la historia de esa naci\u00f3n es una ominosa historia de violencia interna y externa, hacia la poblaci\u00f3n originaria para despojarla de sus tierras, frente a los negros desde siempre y contra otros pueblos para saquearles sus riquezas.<\/p>\n<p>En la Segunda Guerra Mundial, la Alemania nazi sistematiz\u00f3 y construy\u00f3 gigantescas infraestructuras sumamente sofisticadas para el exterminio de jud\u00edos. \u00danicas en la historia. Durante la Inquisici\u00f3n, la fabricaci\u00f3n de m\u00e1quinas e instrumentos de torturas lleg\u00f3 a insospechados niveles en t\u00e9rminos de cantidad, variedad y macabra sofisticaci\u00f3n. En Ciudad de M\u00e9xico, vi un museo itinerante de esos espeluznantes instrumentos. Hoy, la generalidad de los gobiernos europeos, con la honrosa excepci\u00f3n del espa\u00f1ol, mantienen el suministro de armas ultramodernas al gobierno israel\u00ed, que las usa en su siniestro plan genocida y de cacer\u00eda humana mediante el asesinato de millares de ni\u00f1os, envejecientes y civiles; adem\u00e1s, en su selectiva matanza de altos dirigentes \u00e1rabes e iran\u00edes. Magnicidios a trav\u00e9s del terrorismo de estado apoyados o tolerados por otros estados.<\/p>\n<p>La violencia ciega, el fanatismo de matriz pol\u00edtica, religiosa, nacionalista, el terrorismo en sus diversas formas y los m\u00e1s variados delitos de odio siguen segando vidas en todo el mundo, causando guerras, fragmentando sociedades, destruyendo lazos familiares y de amistad y produciendo cicatrices de dif\u00edcil sanaci\u00f3n. El ser humano no nace violento, se ense\u00f1a a serlo con diversos medios y formas. En su historia, nuestro pa\u00eds ha conocido violencia, terrorismo de estado, magnicidios, asesinatos e incluso un genocidio. \u00daltimamente se registran actos de barbarie, como el cometido por un grupo sindicado de motoconchistas en Santiago, que persiguieron y asesinaron al conductor de un cami\u00f3n. Adem\u00e1s, son frecuentes los asaltos a pasajeros y conductores heridos en accidentes de tr\u00e1nsito.<\/p>\n<p>Esos actos de barbarie, la intimidaci\u00f3n en las redes, las desenfrenadas tropel\u00edas que en nombre del nacionalismo cometen algunos grupitos y hasta autoridades locales, son manifestaciones de una corrosiva cultura de violencia end\u00e9mica que interpela al gobierno y a los partidos todos. Sin enfrentar ese lastre, los conceptos democracia y desarrollo econ\u00f3mico estar\u00edan vac\u00edos de contenido en sus programas.<\/p>\n<\/div>\n","protected":false},"excerpt":{"rendered":"<p>Por C\u00e9sar P\u00e9rez La violencia, asesinatos, terrorismo de car\u00e1cter pol\u00edtico, religioso, \u00e9tnico, etc., ha sido una constante en la historia. Sus expresiones cambian en sus formas, contenidos, simbolismos y regiones, pero el recurso a ese m\u00e9todo para imponer ideas, causas o fes mantiene su esencia y su aborrecible uso a trav\u00e9s del tiempo. En Occidente [&hellip;]<\/p>\n","protected":false},"author":1,"featured_media":465537,"comment_status":"open","ping_status":"open","sticky":false,"template":"","format":"standard","meta":{"_bbp_topic_count":0,"_bbp_reply_count":0,"_bbp_total_topic_count":0,"_bbp_total_reply_count":0,"_bbp_voice_count":0,"_bbp_anonymous_reply_count":0,"_bbp_topic_count_hidden":0,"_bbp_reply_count_hidden":0,"_bbp_forum_subforum_count":0,"footnotes":""},"categories":[33],"tags":[],"class_list":{"0":"post-465536","1":"post","2":"type-post","3":"status-publish","4":"format-standard","5":"has-post-thumbnail","7":"category-opinion"},"_links":{"self":[{"href":"https:\/\/primermomento.com\/index.php?rest_route=\/wp\/v2\/posts\/465536","targetHints":{"allow":["GET"]}}],"collection":[{"href":"https:\/\/primermomento.com\/index.php?rest_route=\/wp\/v2\/posts"}],"about":[{"href":"https:\/\/primermomento.com\/index.php?rest_route=\/wp\/v2\/types\/post"}],"author":[{"embeddable":true,"href":"https:\/\/primermomento.com\/index.php?rest_route=\/wp\/v2\/users\/1"}],"replies":[{"embeddable":true,"href":"https:\/\/primermomento.com\/index.php?rest_route=%2Fwp%2Fv2%2Fcomments&post=465536"}],"version-history":[{"count":1,"href":"https:\/\/primermomento.com\/index.php?rest_route=\/wp\/v2\/posts\/465536\/revisions"}],"predecessor-version":[{"id":465538,"href":"https:\/\/primermomento.com\/index.php?rest_route=\/wp\/v2\/posts\/465536\/revisions\/465538"}],"wp:featuredmedia":[{"embeddable":true,"href":"https:\/\/primermomento.com\/index.php?rest_route=\/wp\/v2\/media\/465537"}],"wp:attachment":[{"href":"https:\/\/primermomento.com\/index.php?rest_route=%2Fwp%2Fv2%2Fmedia&parent=465536"}],"wp:term":[{"taxonomy":"category","embeddable":true,"href":"https:\/\/primermomento.com\/index.php?rest_route=%2Fwp%2Fv2%2Fcategories&post=465536"},{"taxonomy":"post_tag","embeddable":true,"href":"https:\/\/primermomento.com\/index.php?rest_route=%2Fwp%2Fv2%2Ftags&post=465536"}],"curies":[{"name":"wp","href":"https:\/\/api.w.org\/{rel}","templated":true}]}}