{"id":465539,"date":"2026-04-29T18:00:44","date_gmt":"2026-04-29T22:00:44","guid":{"rendered":"https:\/\/primermomento.com\/?p=465539"},"modified":"2026-04-29T18:01:15","modified_gmt":"2026-04-29T22:01:15","slug":"dominicana-refuerza-politicas-antidrogas-con-apoyo-de-la-ue","status":"publish","type":"post","link":"https:\/\/primermomento.com\/?p=465539","title":{"rendered":"Dominicana refuerza pol\u00edticas antidrogas con apoyo de la Uni\u00f3n Europea"},"content":{"rendered":"<p><strong><em>Por <span style=\"color: #ff0000;\">Prensa Latina<\/span><\/em><\/strong><\/p>\n<p>SANTO DOMINGO, Rep\u00fablica Dominicana.- El Consejo Nacional de Drogas (CND) de la Rep\u00fablica Dominicana suscribi\u00f3 hoy un acuerdo de cooperaci\u00f3n interinstitucional con la Uni\u00f3n Europea, en el marco del programa Copolad III.<\/p>\n<div class=\"elementor-element elementor-element-0aea3a0 elementor-widget elementor-widget-theme-post-content\" data-id=\"0aea3a0\" data-element_type=\"widget\" data-e-type=\"widget\" data-widget_type=\"theme-post-content.default\">\n<div class=\"elementor-widget-container\">\n<p>La firma consolida una alianza estrat\u00e9gica orientada a fortalecer las pol\u00edticas p\u00fablicas dominicanas en materia de drogas, con respaldo t\u00e9cnico y financiero europeo.<\/p>\n<p>El acto se realiz\u00f3 durante la IV Reuni\u00f3n Anual Copolad III: Pol\u00edticas de Drogas en un Contexto Cambiante, que re\u00fane en Punta Cana a m\u00e1s de 170 especialistas y representantes de alto nivel de Am\u00e9rica Latina, el Caribe y Europa, procedentes de m\u00e1s de 60 pa\u00edses.<\/p>\n<p>El acuerdo fue suscrito por Alejandro de Jes\u00fas Abreu, presidente del CND, en su calidad de copresidente del mecanismo UE-CELAC, y Olivier Luyckx, jefe de la Unidad de Programas Pa\u00eds para Am\u00e9rica Latina y el Caribe de la Direcci\u00f3n General de Asociaciones Internacionales de la Comisi\u00f3n Europea (DG INTPA), en representaci\u00f3n de la Uni\u00f3n Europea.<\/p>\n<p>El convenio est\u00e1 orientado en primer lugar la preparaci\u00f3n, sistematizaci\u00f3n y difusi\u00f3n de la Encuesta Nacional sobre Consumo de Drogas en Estudiantes Universitarios, con el objetivo de generar informaci\u00f3n actualizada que respalde la formulaci\u00f3n de pol\u00edticas p\u00fablicas basadas en evidencia.<\/p>\n<p>La segunda iniciativa consiste en el fortalecimiento de la Escuela de Formaci\u00f3n en Pol\u00edticas de Drogas, considerada la primera de su tipo en el pa\u00eds, con miras a capacitar a quienes dise\u00f1an e implementan estas estrategias.<\/p>\n<p>La tercera impulsa la estrategia \u201cAlas de Transformaci\u00f3n\u201d, dirigida a fortalecer redes de apoyo y reducir factores de riesgo en hijos de personas privadas de libertad, desde un enfoque de salud, derechos humanos y territorialidad.<\/p>\n<p>Este programa se desarrollar\u00e1 en el Centro Penitenciario Ban\u00ed Mujeres y servir\u00e1 como modelo para su eventual implementaci\u00f3n en otros recintos del pa\u00eds.<\/p>\n<\/div>\n<\/div>\n<div class=\"elementor-element elementor-element-4f75016 elementor-widget elementor-widget-post-info\" data-id=\"4f75016\" data-element_type=\"widget\" data-e-type=\"widget\" data-widget_type=\"post-info.default\">\n<div class=\"elementor-widget-container\">\n<ul class=\"elementor-inline-items elementor-icon-list-items elementor-post-info\">\n<li class=\"elementor-icon-list-item elementor-repeater-item-17dda3e elementor-inline-item\"><em><span class=\"elementor-icon-list-text elementor-post-info__item elementor-post-info__item--type-custom\">#<a href=\"https:\/\/primermomento.com\/?p=465539\" rel=\"tag\">acuerdo<\/a>\u00a0#<a href=\"https:\/\/primermomento.com\/?p=465539\" rel=\"tag\">antidroga<\/a>\u00a0#<a href=\"https:\/\/primermomento.com\/?p=465539\" rel=\"tag\">CND<\/a><\/span><\/em><\/li>\n<\/ul>\n<\/div>\n<\/div>\n","protected":false},"excerpt":{"rendered":"<p>Por Prensa Latina SANTO DOMINGO, Rep\u00fablica Dominicana.- El Consejo Nacional de Drogas (CND) de la Rep\u00fablica Dominicana suscribi\u00f3 hoy un acuerdo de cooperaci\u00f3n interinstitucional con la Uni\u00f3n Europea, en el marco del programa Copolad III. La firma consolida una alianza estrat\u00e9gica orientada a fortalecer las pol\u00edticas p\u00fablicas dominicanas en materia de drogas, con respaldo t\u00e9cnico [&hellip;]<\/p>\n","protected":false},"author":1,"featured_media":465540,"comment_status":"open","ping_status":"open","sticky":false,"template":"","format":"standard","meta":{"_bbp_topic_count":0,"_bbp_reply_count":0,"_bbp_total_topic_count":0,"_bbp_total_reply_count":0,"_bbp_voice_count":0,"_bbp_anonymous_reply_count":0,"_bbp_topic_count_hidden":0,"_bbp_reply_count_hidden":0,"_bbp_forum_subforum_count":0,"footnotes":""},"categories":[30],"tags":[],"class_list":{"0":"post-465539","1":"post","2":"type-post","3":"status-publish","4":"format-standard","5":"has-post-thumbnail","7":"category-actualidad"},"_links":{"self":[{"href":"https:\/\/primermomento.com\/index.php?rest_route=\/wp\/v2\/posts\/465539","targetHints":{"allow":["GET"]}}],"collection":[{"href":"https:\/\/primermomento.com\/index.php?rest_route=\/wp\/v2\/posts"}],"about":[{"href":"https:\/\/primermomento.com\/index.php?rest_route=\/wp\/v2\/types\/post"}],"author":[{"embeddable":true,"href":"https:\/\/primermomento.com\/index.php?rest_route=\/wp\/v2\/users\/1"}],"replies":[{"embeddable":true,"href":"https:\/\/primermomento.com\/index.php?rest_route=%2Fwp%2Fv2%2Fcomments&post=465539"}],"version-history":[{"count":2,"href":"https:\/\/primermomento.com\/index.php?rest_route=\/wp\/v2\/posts\/465539\/revisions"}],"predecessor-version":[{"id":465542,"href":"https:\/\/primermomento.com\/index.php?rest_route=\/wp\/v2\/posts\/465539\/revisions\/465542"}],"wp:featuredmedia":[{"embeddable":true,"href":"https:\/\/primermomento.com\/index.php?rest_route=\/wp\/v2\/media\/465540"}],"wp:attachment":[{"href":"https:\/\/primermomento.com\/index.php?rest_route=%2Fwp%2Fv2%2Fmedia&parent=465539"}],"wp:term":[{"taxonomy":"category","embeddable":true,"href":"https:\/\/primermomento.com\/index.php?rest_route=%2Fwp%2Fv2%2Fcategories&post=465539"},{"taxonomy":"post_tag","embeddable":true,"href":"https:\/\/primermomento.com\/index.php?rest_route=%2Fwp%2Fv2%2Ftags&post=465539"}],"curies":[{"name":"wp","href":"https:\/\/api.w.org\/{rel}","templated":true}]}}