{"id":465543,"date":"2026-04-29T18:04:12","date_gmt":"2026-04-29T22:04:12","guid":{"rendered":"https:\/\/primermomento.com\/?p=465543"},"modified":"2026-04-29T18:04:29","modified_gmt":"2026-04-29T22:04:29","slug":"dominicana-presentara-en-onu-su-nueva-meta-climatica-al-2030","status":"publish","type":"post","link":"https:\/\/primermomento.com\/?p=465543","title":{"rendered":"Dominicana presentar\u00e1 en ONU su nueva meta clim\u00e1tica al 2030"},"content":{"rendered":"<p><strong><em>Por <span style=\"color: #ff0000;\">Prensa Latina<\/span><\/em><\/strong><\/p>\n<p>SANTO DOMINGO, Rep\u00fablica Dominicana.- La Rep\u00fablica Dominicana elevar\u00e1 a 28 por ciento su meta de reducci\u00f3n de emisiones de gases de efecto invernadero al 2030, compromiso que presentar\u00e1 ante la Convenci\u00f3n Marco de las Naciones Unidas sobre el Cambio Clim\u00e1tico (CMNUCC), trascendi\u00f3 hoy.<\/p>\n<div class=\"elementor-element elementor-element-0aea3a0 elementor-widget elementor-widget-theme-post-content\" data-id=\"0aea3a0\" data-element_type=\"widget\" data-e-type=\"widget\" data-widget_type=\"theme-post-content.default\">\n<div class=\"elementor-widget-container\">\n<p>El documento, ya en su versi\u00f3n final, fue entregado por el Comit\u00e9 T\u00e9cnico y el equipo de consultores para su diagramaci\u00f3n y posterior presentaci\u00f3n oficial en las pr\u00f3ximas semanas.<\/p>\n<p>De la meta total, un 19.5 por ciento estar\u00e1 condicionado al financiamiento internacional, mientras que el 8.5 por ciento ser\u00e1 cubierto con recursos nacionales, tanto del sector p\u00fablico como del privado, tomando como l\u00ednea base las emisiones del a\u00f1o 2022.<\/p>\n<p>La nueva Contribuci\u00f3n Nacionalmente Determinada, NDC 3.0, que ser\u00e1 presentada ante la CMNUCC, tambi\u00e9n incorpora medidas de adaptaci\u00f3n frente a los efectos del cambio clim\u00e1tico, incluyendo planes sectoriales en \u00e1reas como medio ambiente, salud y gesti\u00f3n de emergencias, adem\u00e1s de acciones dirigidas a la ni\u00f1ez y la primera infancia.<\/p>\n<p>El documento fue recibido por el vicepresidente ejecutivo del Consejo Nacional para el Cambio Clim\u00e1tico y Mercado de Carbono (CNCCMC), Max Puig; la viceministra de Cambio Clim\u00e1tico y Sostenibilidad del Ministerio de Medio Ambiente y Recursos Naturales, Ana Pimentel; y el viceministro de Planificaci\u00f3n e Inversi\u00f3n P\u00fablica del Ministerio de Hacienda, Mart\u00edn Francos.<\/p>\n<p>La entrega estuvo encabezada por la directora t\u00e9cnica del CNCCMC y vicepresidenta de la COP30, Sara Gonz\u00e1lez, junto a representantes t\u00e9cnicos de las instituciones involucradas.<\/p>\n<p>Las NDC constituyen el instrumento mediante el cual los pa\u00edses firmantes del Acuerdo de Par\u00eds establecen sus compromisos frente al cambio clim\u00e1tico.<\/p>\n<p>La Rep\u00fablica Dominicana present\u00f3 su primera NDC en 2017 y posteriormente, en 2020, actualiz\u00f3 sus metas, incorporando compromisos de reducci\u00f3n de emisiones no condicionados al financiamiento internacional.<\/p>\n<\/div>\n<\/div>\n<div class=\"elementor-element elementor-element-4f75016 elementor-widget elementor-widget-post-info\" data-id=\"4f75016\" data-element_type=\"widget\" data-e-type=\"widget\" data-widget_type=\"post-info.default\">\n<div class=\"elementor-widget-container\">\n<ul class=\"elementor-inline-items elementor-icon-list-items elementor-post-info\">\n<li class=\"elementor-icon-list-item elementor-repeater-item-17dda3e elementor-inline-item\"><span class=\"elementor-icon-list-text elementor-post-info__item elementor-post-info__item--type-custom\">#<em><a href=\"https:\/\/primermomento.com\/?p=465543\" rel=\"tag\">ONU<\/a><\/em><\/span><\/li>\n<\/ul>\n<\/div>\n<\/div>\n","protected":false},"excerpt":{"rendered":"<p>Por Prensa Latina SANTO DOMINGO, Rep\u00fablica Dominicana.- La Rep\u00fablica Dominicana elevar\u00e1 a 28 por ciento su meta de reducci\u00f3n de emisiones de gases de efecto invernadero al 2030, compromiso que presentar\u00e1 ante la Convenci\u00f3n Marco de las Naciones Unidas sobre el Cambio Clim\u00e1tico (CMNUCC), trascendi\u00f3 hoy. El documento, ya en su versi\u00f3n final, fue entregado [&hellip;]<\/p>\n","protected":false},"author":1,"featured_media":457003,"comment_status":"open","ping_status":"open","sticky":false,"template":"","format":"standard","meta":{"_bbp_topic_count":0,"_bbp_reply_count":0,"_bbp_total_topic_count":0,"_bbp_total_reply_count":0,"_bbp_voice_count":0,"_bbp_anonymous_reply_count":0,"_bbp_topic_count_hidden":0,"_bbp_reply_count_hidden":0,"_bbp_forum_subforum_count":0,"footnotes":""},"categories":[30],"tags":[],"class_list":{"0":"post-465543","1":"post","2":"type-post","3":"status-publish","4":"format-standard","5":"has-post-thumbnail","7":"category-actualidad"},"_links":{"self":[{"href":"https:\/\/primermomento.com\/index.php?rest_route=\/wp\/v2\/posts\/465543","targetHints":{"allow":["GET"]}}],"collection":[{"href":"https:\/\/primermomento.com\/index.php?rest_route=\/wp\/v2\/posts"}],"about":[{"href":"https:\/\/primermomento.com\/index.php?rest_route=\/wp\/v2\/types\/post"}],"author":[{"embeddable":true,"href":"https:\/\/primermomento.com\/index.php?rest_route=\/wp\/v2\/users\/1"}],"replies":[{"embeddable":true,"href":"https:\/\/primermomento.com\/index.php?rest_route=%2Fwp%2Fv2%2Fcomments&post=465543"}],"version-history":[{"count":1,"href":"https:\/\/primermomento.com\/index.php?rest_route=\/wp\/v2\/posts\/465543\/revisions"}],"predecessor-version":[{"id":465544,"href":"https:\/\/primermomento.com\/index.php?rest_route=\/wp\/v2\/posts\/465543\/revisions\/465544"}],"wp:featuredmedia":[{"embeddable":true,"href":"https:\/\/primermomento.com\/index.php?rest_route=\/wp\/v2\/media\/457003"}],"wp:attachment":[{"href":"https:\/\/primermomento.com\/index.php?rest_route=%2Fwp%2Fv2%2Fmedia&parent=465543"}],"wp:term":[{"taxonomy":"category","embeddable":true,"href":"https:\/\/primermomento.com\/index.php?rest_route=%2Fwp%2Fv2%2Fcategories&post=465543"},{"taxonomy":"post_tag","embeddable":true,"href":"https:\/\/primermomento.com\/index.php?rest_route=%2Fwp%2Fv2%2Ftags&post=465543"}],"curies":[{"name":"wp","href":"https:\/\/api.w.org\/{rel}","templated":true}]}}