{"id":465553,"date":"2026-04-29T20:07:13","date_gmt":"2026-04-30T00:07:13","guid":{"rendered":"https:\/\/primermomento.com\/?p=465553"},"modified":"2026-04-29T20:07:13","modified_gmt":"2026-04-30T00:07:13","slug":"pide-prision-preventiva-contra-profesor-imputado-por-acoso-sexual-contra-una-estudiante","status":"publish","type":"post","link":"https:\/\/primermomento.com\/?p=465553","title":{"rendered":"Pide prisi\u00f3n preventiva contra profesor imputado por acoso sexual contra una estudiante"},"content":{"rendered":"<p><strong><em>Por <span style=\"color: #ff0000;\">Servicios de Primermomento.com<\/span><\/em><\/strong><\/p>\n<p>SANTO DOMINGO, Rep\u00fablica Dominicana.- El Ministerio P\u00fablico solicit\u00f3 a un tribunal la imposici\u00f3n de prisi\u00f3n preventiva, como medida de coerci\u00f3n, contra un profesor imputado de incurrir en acoso sexual en perjuicio de una estudiante de un centro educativo del Distrito Nacional.<\/p>\n<p>La medida de coerci\u00f3n fue solicitada contra el imputado Inocencio Lebr\u00f3n Montero, quien se desempe\u00f1aba como profesor de matem\u00e1ticas de la adolescente.<\/p>\n<p>De acuerdo con la investigaci\u00f3n, el imputado aprovech\u00f3 la relaci\u00f3n de confianza derivada de su condici\u00f3n de docente para iniciar un acercamiento progresivo hacia la v\u00edctima.<\/p>\n<p>El expediente indica que, posteriormente, ejerci\u00f3 presi\u00f3n emocional sobre la estudiante con la finalidad de que accediera a conductas de \u00edndole \u00edntima, pese a que esta, hab\u00eda manifestado de manera expresa, su negativa.<\/p>\n<p>El Ministerio P\u00fablico establece que en ese contexto se produjeron varios encuentros dentro del veh\u00edculo del imputado, donde este presuntamente realiz\u00f3 tocamientos indebidos en perjuicio de la adolescente e insisti\u00f3 en sostener relaciones sexuales, a lo que la v\u00edctima se neg\u00f3.<\/p>\n<p>La investigaci\u00f3n, tambi\u00e9n, se\u00f1ala, que el imputado habr\u00eda reiterado las conductas denunciadas, manteniendo presi\u00f3n emocional sobre la menor de edad.<\/p>\n<p>Como parte de las evidencias aportadas, el \u00f3rgano acusador present\u00f3 una evaluaci\u00f3n psicol\u00f3gica practicada a la v\u00edctima por el Instituto Nacional de Ciencias Forenses (Inacif), la cual establece indicadores emocionales compatibles con situaciones de vulneraci\u00f3n.<\/p>\n<p>El imputado fue apresado el pasado 22 de abril, en virtud de una orden de arresto emitida en su contra por la Coordinaci\u00f3n de los Juzgados de Instrucci\u00f3n del Distrito Nacional.<\/p>\n<p>Las procuradoras fiscales Adalgisa Tavares y Mariela Ramos, adscritas a la Unidad de Prevenci\u00f3n de Violencia de G\u00e9nero y Delitos Sexuales del Distrito Nacional, depositaron la instancia con la solicitud de medida de coerci\u00f3n contra el imputado.<\/p>\n<p>La audiencia fue aplazada por la jueza Lissa Veras, de la Oficina Judicial de Servicios de Atenci\u00f3n Permanente del Distrito Nacional, para este s\u00e1bado, 2 de mayo, a solicitud de la defensa, que requiri\u00f3 m\u00e1s tiempo para preparar sus medios de defensa.<\/p>\n<p>El Ministerio P\u00fablico ha otorgado al caso la calificaci\u00f3n jur\u00eddica de violaci\u00f3n a los art\u00edculos 330 y 333, literal D, del C\u00f3digo Penal Dominicano, as\u00ed como al art\u00edculo 396, literal C, de la Ley 136-03, que crea el C\u00f3digo para la Protecci\u00f3n y los Derechos\u00a0 Fundamentales de Ni\u00f1os, Ni\u00f1as y Adolescentes.<\/p>\n","protected":false},"excerpt":{"rendered":"<p>Por Servicios de Primermomento.com SANTO DOMINGO, Rep\u00fablica Dominicana.- El Ministerio P\u00fablico solicit\u00f3 a un tribunal la imposici\u00f3n de prisi\u00f3n preventiva, como medida de coerci\u00f3n, contra un profesor imputado de incurrir en acoso sexual en perjuicio de una estudiante de un centro educativo del Distrito Nacional. La medida de coerci\u00f3n fue solicitada contra el imputado Inocencio [&hellip;]<\/p>\n","protected":false},"author":1,"featured_media":465554,"comment_status":"open","ping_status":"open","sticky":false,"template":"","format":"standard","meta":{"_bbp_topic_count":0,"_bbp_reply_count":0,"_bbp_total_topic_count":0,"_bbp_total_reply_count":0,"_bbp_voice_count":0,"_bbp_anonymous_reply_count":0,"_bbp_topic_count_hidden":0,"_bbp_reply_count_hidden":0,"_bbp_forum_subforum_count":0,"footnotes":""},"categories":[30],"tags":[],"class_list":{"0":"post-465553","1":"post","2":"type-post","3":"status-publish","4":"format-standard","5":"has-post-thumbnail","7":"category-actualidad"},"_links":{"self":[{"href":"https:\/\/primermomento.com\/index.php?rest_route=\/wp\/v2\/posts\/465553","targetHints":{"allow":["GET"]}}],"collection":[{"href":"https:\/\/primermomento.com\/index.php?rest_route=\/wp\/v2\/posts"}],"about":[{"href":"https:\/\/primermomento.com\/index.php?rest_route=\/wp\/v2\/types\/post"}],"author":[{"embeddable":true,"href":"https:\/\/primermomento.com\/index.php?rest_route=\/wp\/v2\/users\/1"}],"replies":[{"embeddable":true,"href":"https:\/\/primermomento.com\/index.php?rest_route=%2Fwp%2Fv2%2Fcomments&post=465553"}],"version-history":[{"count":1,"href":"https:\/\/primermomento.com\/index.php?rest_route=\/wp\/v2\/posts\/465553\/revisions"}],"predecessor-version":[{"id":465555,"href":"https:\/\/primermomento.com\/index.php?rest_route=\/wp\/v2\/posts\/465553\/revisions\/465555"}],"wp:featuredmedia":[{"embeddable":true,"href":"https:\/\/primermomento.com\/index.php?rest_route=\/wp\/v2\/media\/465554"}],"wp:attachment":[{"href":"https:\/\/primermomento.com\/index.php?rest_route=%2Fwp%2Fv2%2Fmedia&parent=465553"}],"wp:term":[{"taxonomy":"category","embeddable":true,"href":"https:\/\/primermomento.com\/index.php?rest_route=%2Fwp%2Fv2%2Fcategories&post=465553"},{"taxonomy":"post_tag","embeddable":true,"href":"https:\/\/primermomento.com\/index.php?rest_route=%2Fwp%2Fv2%2Ftags&post=465553"}],"curies":[{"name":"wp","href":"https:\/\/api.w.org\/{rel}","templated":true}]}}