{"id":465568,"date":"2026-04-30T06:40:03","date_gmt":"2026-04-30T10:40:03","guid":{"rendered":"https:\/\/primermomento.com\/?p=465568"},"modified":"2026-04-30T07:10:17","modified_gmt":"2026-04-30T11:10:17","slug":"dominicanos-en-eeuu-no-celebran-dia-internacional-del-trabajo-el-1-de-mayo-se-conmemora-el-primer-lunes-de-septiembre","status":"publish","type":"post","link":"https:\/\/primermomento.com\/?p=465568","title":{"rendered":"Dominicanos en EEUU no celebran \u201cD\u00eda Internacional del Trabajo\u201d el 1 de mayo; se conmemora el primer lunes de septiembre"},"content":{"rendered":"<p><em><b>Por <span style=\"color: #ff0000;\">Ram\u00f3n Mercedes<\/span><\/b><\/em><\/p>\n<p>Nueva York, EEUU.- El D\u00eda Internacional del Trabajo se celebra para conmemorar las luchas hist\u00f3ricas del movimiento obrero por los derechos laborales, pero en Estados Unidos no lo celebran como en la Rep\u00fablica Dominicana y otros pa\u00edses en el mundo.<\/p>\n<p>Decenas de dominicanos en esta ciudad efectuan actos para conmemorarlo este viernes 1 de mayo.<\/p>\n<p>En USA se conmemora el primer lunes de septiembre. Se celebr\u00f3 por primera vez en NY en 1882, estableci\u00e9ndose en esa fecha para distanciarse de las protestas radicales del 1 de mayo, conocida como la revuelta de Haymarket en Chicago en 1886.<\/p>\n<p>Fue el punto \u00e1lgido de una serie de movilizaciones que, entre el 1 y el 4 de mayo, se produjeron en respaldo a los obreros en huelga, para reivindicar la jornada laboral de ocho horas.<\/p>\n<p>El 1 de mayo de 1886 miles de trabajadores en EE. UU. iniciaron una huelga exigiendo una jornada de ocho horas. Las manifestaciones, especialmente en Chicago, derivaron en violentos enfrentamientos con la polic\u00eda, resultando en muertes de los trabajadores y la posterior ejecuci\u00f3n de varios l\u00edderes sindicales.<\/p>\n<p>A principios de 2026 hab\u00eda m\u00e1s de 23 millones de empleados p\u00fablicos en EE. UU. (federales, estatales y locales combinados). Empleados federales (civiles), cerca de 3 millones (noviembre 2024\/2025).<\/p>\n<p>Empleados estatales y locales, aproximadamente 20,7 millones (marzo 2026). Militares en servicio activo, cerca de 1,4 millones.<\/p>\n<p>Gobierno local y estatal, (escuelas, polic\u00edas, bomberos) representan casi tres cuartas partes del empleo p\u00fablico total. Aunque la fuerza laboral federal es grande, representa solo una peque\u00f1a fracci\u00f3n (entre el 12 y el 15%) del total de trabajadores gubernamentales en EE. UU.<\/p>\n<p>Los estados de California, Virginia y Maryland tienen la mayor concentraci\u00f3n de empleados federales, principalmente por la proximidad a Washington, D.C.<\/p>\n","protected":false},"excerpt":{"rendered":"<p>Por Ram\u00f3n Mercedes Nueva York, EEUU.- El D\u00eda Internacional del Trabajo se celebra para conmemorar las luchas hist\u00f3ricas del movimiento obrero por los derechos laborales, pero en Estados Unidos no lo celebran como en la Rep\u00fablica Dominicana y otros pa\u00edses en el mundo. Decenas de dominicanos en esta ciudad efectuan actos para conmemorarlo este viernes [&hellip;]<\/p>\n","protected":false},"author":1,"featured_media":465569,"comment_status":"open","ping_status":"open","sticky":false,"template":"","format":"standard","meta":{"_bbp_topic_count":0,"_bbp_reply_count":0,"_bbp_total_topic_count":0,"_bbp_total_reply_count":0,"_bbp_voice_count":0,"_bbp_anonymous_reply_count":0,"_bbp_topic_count_hidden":0,"_bbp_reply_count_hidden":0,"_bbp_forum_subforum_count":0,"footnotes":""},"categories":[40],"tags":[],"class_list":{"0":"post-465568","1":"post","2":"type-post","3":"status-publish","4":"format-standard","5":"has-post-thumbnail","7":"category-comunidad"},"_links":{"self":[{"href":"https:\/\/primermomento.com\/index.php?rest_route=\/wp\/v2\/posts\/465568","targetHints":{"allow":["GET"]}}],"collection":[{"href":"https:\/\/primermomento.com\/index.php?rest_route=\/wp\/v2\/posts"}],"about":[{"href":"https:\/\/primermomento.com\/index.php?rest_route=\/wp\/v2\/types\/post"}],"author":[{"embeddable":true,"href":"https:\/\/primermomento.com\/index.php?rest_route=\/wp\/v2\/users\/1"}],"replies":[{"embeddable":true,"href":"https:\/\/primermomento.com\/index.php?rest_route=%2Fwp%2Fv2%2Fcomments&post=465568"}],"version-history":[{"count":1,"href":"https:\/\/primermomento.com\/index.php?rest_route=\/wp\/v2\/posts\/465568\/revisions"}],"predecessor-version":[{"id":465570,"href":"https:\/\/primermomento.com\/index.php?rest_route=\/wp\/v2\/posts\/465568\/revisions\/465570"}],"wp:featuredmedia":[{"embeddable":true,"href":"https:\/\/primermomento.com\/index.php?rest_route=\/wp\/v2\/media\/465569"}],"wp:attachment":[{"href":"https:\/\/primermomento.com\/index.php?rest_route=%2Fwp%2Fv2%2Fmedia&parent=465568"}],"wp:term":[{"taxonomy":"category","embeddable":true,"href":"https:\/\/primermomento.com\/index.php?rest_route=%2Fwp%2Fv2%2Fcategories&post=465568"},{"taxonomy":"post_tag","embeddable":true,"href":"https:\/\/primermomento.com\/index.php?rest_route=%2Fwp%2Fv2%2Ftags&post=465568"}],"curies":[{"name":"wp","href":"https:\/\/api.w.org\/{rel}","templated":true}]}}