{"id":465574,"date":"2026-04-30T06:00:28","date_gmt":"2026-04-30T10:00:28","guid":{"rendered":"https:\/\/primermomento.com\/?p=465574"},"modified":"2026-04-30T08:57:03","modified_gmt":"2026-04-30T12:57:03","slug":"la-fifa-afina-su-engranaje-rumbo-al-mundial-de-futbol-2026","status":"publish","type":"post","link":"https:\/\/primermomento.com\/?p=465574","title":{"rendered":"La FIFA afina su engranaje rumbo al Mundial de F\u00fatbol 2026"},"content":{"rendered":"<p><strong><em>Por <span style=\"color: #ff0000;\">Prensa Latina<\/span><\/em><\/strong><\/p>\n<p>Vancouver, CANAD\u00c1.- Esta ciudad canadiense abre hoy sus puertas al congreso anual de la FIFA, una cita decisiva que afina los \u00faltimos detalles del in\u00e9dito Mundial de F\u00fatbol 2026 que acoger\u00e1 a 48 selecciones.<\/p>\n<div class=\"elementor-element elementor-element-0aea3a0 elementor-widget elementor-widget-theme-post-content\" data-id=\"0aea3a0\" data-element_type=\"widget\" data-e-type=\"widget\" data-widget_type=\"theme-post-content.default\">\n<div class=\"elementor-widget-container\">\n<p>\u00a0Bajo el techo del Vancouver Convention Centre, delegados de las 211 asociaciones miembro convergen como piezas de un mismo reloj para sincronizar reglamentos, presupuestos y protocolos de seguridad a menos de dos meses del pitazo inicial.<\/p>\n<p>El presidente de la entidad, Gianni Infantino, lidera una agenda marcada por la promesa de ingresos cercanos a los 13 mil millones de d\u00f3lares, cifra que dibuja tanto la ambici\u00f3n econ\u00f3mica como el desaf\u00edo de equilibrar beneficios entre todas las federaciones.<\/p>\n<p>La ampliaci\u00f3n del torneo a 48 equipos impone una coreograf\u00eda log\u00edstica sin precedentes que atraviesa tres pa\u00edses (M\u00e9xico, Estados Unidos y Canad\u00e1), m\u00faltiples husos horarios y distancias continentales, obligando a la FIFA a pulir cada engranaje organizativo.<\/p>\n<p>Entre los temas sensibles emerge la inquietud de Ir\u00e1n, que solicit\u00f3 sedes alternativas por motivos de seguridad, aunque la FIFA mantiene firme el calendario original como s\u00edmbolo de cohesi\u00f3n deportiva.<\/p>\n<p>La pol\u00edtica tambi\u00e9n se filtra en los pasillos del congreso con la participaci\u00f3n de la Asociaci\u00f3n Palestina de F\u00fatbol, cuyos representantes finalmente lograron viajar a Canad\u00e1 tras superar trabas migratorias.<\/p>\n<p>A la par, organizaciones como Amnist\u00eda Internacional presionan para que el torneo garantice derechos fundamentales, exigiendo compromisos claros frente a posibles abusos en materia de seguridad y libertad de expresi\u00f3n.<\/p>\n<p>Con el Mundial programado del 11 de junio al 19 de julio, Vancouver se convierte en el epicentro donde el f\u00fatbol global intenta armonizar sus tensiones antes de desplegar el espect\u00e1culo m\u00e1s vasto de su historia.<\/p>\n<\/div>\n<\/div>\n<div class=\"elementor-element elementor-element-4f75016 elementor-widget elementor-widget-post-info\" data-id=\"4f75016\" data-element_type=\"widget\" data-e-type=\"widget\" data-widget_type=\"post-info.default\">\n<div class=\"elementor-widget-container\">\n<ul class=\"elementor-inline-items elementor-icon-list-items elementor-post-info\">\n<li class=\"elementor-icon-list-item elementor-repeater-item-17dda3e elementor-inline-item\"><em><span class=\"elementor-icon-list-text elementor-post-info__item elementor-post-info__item--type-custom\">#<a href=\"https:\/\/primermomento.com\/?p=465574\" rel=\"tag\">congreso<\/a>\u00a0#<a href=\"https:\/\/primermomento.com\/?p=465574\" rel=\"tag\">FIFA<\/a>\u00a0#<a href=\"https:\/\/primermomento.com\/?p=465574\" rel=\"tag\">Mundial<\/a><\/span><\/em><\/li>\n<\/ul>\n<\/div>\n<\/div>\n","protected":false},"excerpt":{"rendered":"<p>Por Prensa Latina Vancouver, CANAD\u00c1.- Esta ciudad canadiense abre hoy sus puertas al congreso anual de la FIFA, una cita decisiva que afina los \u00faltimos detalles del in\u00e9dito Mundial de F\u00fatbol 2026 que acoger\u00e1 a 48 selecciones. \u00a0Bajo el techo del Vancouver Convention Centre, delegados de las 211 asociaciones miembro convergen como piezas de un [&hellip;]<\/p>\n","protected":false},"author":1,"featured_media":458114,"comment_status":"open","ping_status":"open","sticky":false,"template":"","format":"standard","meta":{"_bbp_topic_count":0,"_bbp_reply_count":0,"_bbp_total_topic_count":0,"_bbp_total_reply_count":0,"_bbp_voice_count":0,"_bbp_anonymous_reply_count":0,"_bbp_topic_count_hidden":0,"_bbp_reply_count_hidden":0,"_bbp_forum_subforum_count":0,"footnotes":""},"categories":[42],"tags":[],"class_list":{"0":"post-465574","1":"post","2":"type-post","3":"status-publish","4":"format-standard","5":"has-post-thumbnail","7":"category-deportes"},"_links":{"self":[{"href":"https:\/\/primermomento.com\/index.php?rest_route=\/wp\/v2\/posts\/465574","targetHints":{"allow":["GET"]}}],"collection":[{"href":"https:\/\/primermomento.com\/index.php?rest_route=\/wp\/v2\/posts"}],"about":[{"href":"https:\/\/primermomento.com\/index.php?rest_route=\/wp\/v2\/types\/post"}],"author":[{"embeddable":true,"href":"https:\/\/primermomento.com\/index.php?rest_route=\/wp\/v2\/users\/1"}],"replies":[{"embeddable":true,"href":"https:\/\/primermomento.com\/index.php?rest_route=%2Fwp%2Fv2%2Fcomments&post=465574"}],"version-history":[{"count":1,"href":"https:\/\/primermomento.com\/index.php?rest_route=\/wp\/v2\/posts\/465574\/revisions"}],"predecessor-version":[{"id":465575,"href":"https:\/\/primermomento.com\/index.php?rest_route=\/wp\/v2\/posts\/465574\/revisions\/465575"}],"wp:featuredmedia":[{"embeddable":true,"href":"https:\/\/primermomento.com\/index.php?rest_route=\/wp\/v2\/media\/458114"}],"wp:attachment":[{"href":"https:\/\/primermomento.com\/index.php?rest_route=%2Fwp%2Fv2%2Fmedia&parent=465574"}],"wp:term":[{"taxonomy":"category","embeddable":true,"href":"https:\/\/primermomento.com\/index.php?rest_route=%2Fwp%2Fv2%2Fcategories&post=465574"},{"taxonomy":"post_tag","embeddable":true,"href":"https:\/\/primermomento.com\/index.php?rest_route=%2Fwp%2Fv2%2Ftags&post=465574"}],"curies":[{"name":"wp","href":"https:\/\/api.w.org\/{rel}","templated":true}]}}