{"id":465584,"date":"2026-04-30T10:53:50","date_gmt":"2026-04-30T14:53:50","guid":{"rendered":"https:\/\/primermomento.com\/?p=465584"},"modified":"2026-04-30T10:53:50","modified_gmt":"2026-04-30T14:53:50","slug":"sector-empresarial-dominicano-ve-en-alza-de-petroleo-riesgo-economico","status":"publish","type":"post","link":"https:\/\/primermomento.com\/?p=465584","title":{"rendered":"Sector empresarial dominicano ve en alza de petr\u00f3leo riesgo econ\u00f3mico"},"content":{"rendered":"<p><strong><em>Por <span style=\"color: #ff0000;\">Prensa Latina<\/span><\/em><\/strong><\/p>\n<p>SANTO DOMINGO, Rep\u00fablica Dominicana.- El sector empresarial de la Rep\u00fablica Dominicana manifest\u00f3 hoy que su principal preocupaci\u00f3n ante el impacto en el pa\u00eds de la crisis derivada del conflicto b\u00e9lico en el Medio Oriente es el alza de los precios de los combustibles.<\/p>\n<div class=\"elementor-element elementor-element-0aea3a0 elementor-widget elementor-widget-theme-post-content\" data-id=\"0aea3a0\" data-element_type=\"widget\" data-e-type=\"widget\" data-widget_type=\"theme-post-content.default\">\n<div class=\"elementor-widget-container\">\n<p>El presidente del Consejo Nacional de la Empresa Privada (Conep), tras un segundo encuentro con la comisi\u00f3n designada por el presidente Luis Abinader para reunirse con diferentes sectores, explic\u00f3 que la volatilidad del crudo representa el mayor desaf\u00edo para la econom\u00eda dominicana.<\/p>\n<p>\u201cCada vez que avanza la crisis, el pa\u00eds tiene que adaptarse y ajustarse, porque son precios que no controlamos aqu\u00ed\u201d, se\u00f1al\u00f3 el dirigente empresarial a los medios al concluir la reuni\u00f3n.<\/p>\n<p>En ese contexto, el ministro de la Presidencia, Jos\u00e9 Ignacio Paliza, asegur\u00f3 que el Gobierno aplica todas las medidas posibles para mitigar los efectos de la coyuntura internacional, aunque no ofreci\u00f3 detalles espec\u00edficos del plan m\u00e1s all\u00e1 de los subsidios a los combustibles y fertilizantes.<\/p>\n<p>Por su parte, el sector privado expres\u00f3 su respaldo a la gesti\u00f3n gubernamental en el manejo de las pol\u00edticas monetarias y las medidas de contenci\u00f3n, destacando que la econom\u00eda nacional mantiene su dinamismo y una relativa estabilidad en los precios de la canasta b\u00e1sica.<\/p>\n<p>\u201cEl sector privado tiene la confianza en el manejo de las finanzas p\u00fablicas y de la pol\u00edtica monetaria, y eso es un gran alivio. Tenemos la confianza de que saldremos airosos de esta crisis\u201d, afirm\u00f3 el representante empresarial.<\/p>\n<p>Paliza, en tanto, valor\u00f3 la coordinaci\u00f3n entre sectores y resalt\u00f3 el clima de cooperaci\u00f3n nacional frente a la situaci\u00f3n internacional. \u201cEs un momento de unidad, de crear sinergias que nos ayuden a mantener nuestras metas\u201d, expres\u00f3.<\/p>\n<p>En la Rep\u00fablica Dominicana, la agresi\u00f3n de Estados Unidos a Ir\u00e1n se percibe de manera indirecta, principalmente por su impacto en el aumento de los precios de los combustibles y la posible subida de productos y servicios, seg\u00fan consultas de Prensa Latina con ciudadanos.<\/p>\n<p>Aunque no se identifica una crisis interna, la poblaci\u00f3n asocia la volatilidad del petr\u00f3leo con un mayor costo de vida y cierta incertidumbre econ\u00f3mica.<\/p>\n<p>Al mismo tiempo, reconoce que la econom\u00eda mantiene estabilidad y crecimiento, apoyada por subsidios a los combustibles, aunque persiste la preocupaci\u00f3n de que una prolongaci\u00f3n del conflicto limite la capacidad del Gobierno para sostener estas medidas de protecci\u00f3n.<\/p>\n<p>Aunque las autoridades sostienen que los precios de la canasta alimenticia se mantienen estables, una parte de la poblaci\u00f3n percibe lo contrario, incluso desde antes del conflicto en Medio Oriente.<\/p>\n<p>Ciudadanos consultados por este medio aseguran que productos b\u00e1sicos como el arroz, el pollo, los huevos, el aceite, adem\u00e1s del caf\u00e9, los vegetales y las frutas registran aumentos progresivos en los \u00faltimos meses, lo que se refleja en el gasto diario de los hogares.<\/p>\n<p>Por ejemplo, consumidores se\u00f1alan que con el mismo presupuesto que antes cubr\u00eda una compra semanal, hoy deben reducir cantidades o eliminar algunos productos esenciales.<\/p>\n<\/div>\n<\/div>\n<div class=\"elementor-element elementor-element-4f75016 elementor-widget elementor-widget-post-info\" data-id=\"4f75016\" data-element_type=\"widget\" data-e-type=\"widget\" data-widget_type=\"post-info.default\">\n<div class=\"elementor-widget-container\">\n<ul class=\"elementor-inline-items elementor-icon-list-items elementor-post-info\">\n<li class=\"elementor-icon-list-item elementor-repeater-item-17dda3e elementor-inline-item\"><span class=\"elementor-icon-list-text elementor-post-info__item elementor-post-info__item--type-custom\">#<em><a href=\"https:\/\/primermomento.com\/?p=465584\" rel=\"tag\">combustibles<\/a><\/em><\/span><\/li>\n<\/ul>\n<\/div>\n<\/div>\n","protected":false},"excerpt":{"rendered":"<p>Por Prensa Latina SANTO DOMINGO, Rep\u00fablica Dominicana.- El sector empresarial de la Rep\u00fablica Dominicana manifest\u00f3 hoy que su principal preocupaci\u00f3n ante el impacto en el pa\u00eds de la crisis derivada del conflicto b\u00e9lico en el Medio Oriente es el alza de los precios de los combustibles. El presidente del Consejo Nacional de la Empresa Privada [&hellip;]<\/p>\n","protected":false},"author":1,"featured_media":415023,"comment_status":"open","ping_status":"open","sticky":false,"template":"","format":"standard","meta":{"_bbp_topic_count":0,"_bbp_reply_count":0,"_bbp_total_topic_count":0,"_bbp_total_reply_count":0,"_bbp_voice_count":0,"_bbp_anonymous_reply_count":0,"_bbp_topic_count_hidden":0,"_bbp_reply_count_hidden":0,"_bbp_forum_subforum_count":0,"footnotes":""},"categories":[30],"tags":[],"class_list":{"0":"post-465584","1":"post","2":"type-post","3":"status-publish","4":"format-standard","5":"has-post-thumbnail","7":"category-actualidad"},"_links":{"self":[{"href":"https:\/\/primermomento.com\/index.php?rest_route=\/wp\/v2\/posts\/465584","targetHints":{"allow":["GET"]}}],"collection":[{"href":"https:\/\/primermomento.com\/index.php?rest_route=\/wp\/v2\/posts"}],"about":[{"href":"https:\/\/primermomento.com\/index.php?rest_route=\/wp\/v2\/types\/post"}],"author":[{"embeddable":true,"href":"https:\/\/primermomento.com\/index.php?rest_route=\/wp\/v2\/users\/1"}],"replies":[{"embeddable":true,"href":"https:\/\/primermomento.com\/index.php?rest_route=%2Fwp%2Fv2%2Fcomments&post=465584"}],"version-history":[{"count":1,"href":"https:\/\/primermomento.com\/index.php?rest_route=\/wp\/v2\/posts\/465584\/revisions"}],"predecessor-version":[{"id":465585,"href":"https:\/\/primermomento.com\/index.php?rest_route=\/wp\/v2\/posts\/465584\/revisions\/465585"}],"wp:featuredmedia":[{"embeddable":true,"href":"https:\/\/primermomento.com\/index.php?rest_route=\/wp\/v2\/media\/415023"}],"wp:attachment":[{"href":"https:\/\/primermomento.com\/index.php?rest_route=%2Fwp%2Fv2%2Fmedia&parent=465584"}],"wp:term":[{"taxonomy":"category","embeddable":true,"href":"https:\/\/primermomento.com\/index.php?rest_route=%2Fwp%2Fv2%2Fcategories&post=465584"},{"taxonomy":"post_tag","embeddable":true,"href":"https:\/\/primermomento.com\/index.php?rest_route=%2Fwp%2Fv2%2Ftags&post=465584"}],"curies":[{"name":"wp","href":"https:\/\/api.w.org\/{rel}","templated":true}]}}