{"id":465590,"date":"2026-04-30T09:00:07","date_gmt":"2026-04-30T13:00:07","guid":{"rendered":"https:\/\/primermomento.com\/?p=465590"},"modified":"2026-04-30T11:01:18","modified_gmt":"2026-04-30T15:01:18","slug":"graduan-curso-de-cuidado-para-personas-con-discapacidad-en-dominicana","status":"publish","type":"post","link":"https:\/\/primermomento.com\/?p=465590","title":{"rendered":"Grad\u00faan curso de cuidado para personas con discapacidad en Dominicana"},"content":{"rendered":"<p><strong><em>Por <span style=\"color: #ff0000;\">Prensa Latina<\/span><\/em><\/strong><\/p>\n<p>SANTO DOMINGO, Rep\u00fablica Dominicana.- La Direcci\u00f3n de Desarrollo Social Sup\u00e9rate de la Rep\u00fablica Dominicana gradu\u00f3 el primer Curso de Cuidados para Personas con Discapacidad, como parte del fortalecimiento de la pol\u00edtica de atenci\u00f3n a ese segmento de la poblaci\u00f3n, trascendi\u00f3 hoy.<\/p>\n<div class=\"elementor-element elementor-element-0aea3a0 elementor-widget elementor-widget-theme-post-content\" data-id=\"0aea3a0\" data-element_type=\"widget\" data-e-type=\"widget\" data-widget_type=\"theme-post-content.default\">\n<div class=\"elementor-widget-container\">\n<p>El curso fue impartido por el Instituto Nacional de Formaci\u00f3n T\u00e9cnico Profesional (Infotep) a 55 personas, en su mayor\u00eda madres y padres de ni\u00f1os y adolescentes con discapacidad.<\/p>\n<p>El mismo fue posible mediante una coordinaci\u00f3n interinstitucional entre Sup\u00e9rate, el Infotep y el Consejo Nacional de Discapacidad (Conadis).<\/p>\n<p>En la ocasi\u00f3n, la directora del Infotep, Maira Morla, se\u00f1al\u00f3 que el desarrollo de una sociedad no solo se mide por el progreso econ\u00f3mico o tecnol\u00f3gico, sino tambi\u00e9n por la forma en que brinda atenci\u00f3n, protecci\u00f3n y apoyo a sus ciudadanos.<\/p>\n<p>\u201cEsto permite una vida plena, feliz y productiva, donde las personas se sientan parte del tejido social\u201d, expres\u00f3.<\/p>\n<p>El presidente del Conadis, Benny Metz, destac\u00f3 que esta formaci\u00f3n representa un avance en la construcci\u00f3n de capital humano enfocado en la inclusi\u00f3n y la atenci\u00f3n digna.<\/p>\n<p>Desde la Mesa Intersectorial de Cuidados, Sup\u00e9rate impulsa acciones junto al Conadis e Infotep para fortalecer la respuesta institucional en materia de discapacidad, como parte de pol\u00edticas p\u00fablicas orientadas a transformar vidas.<\/p>\n<p>La instituci\u00f3n reafirm\u00f3 que estas iniciativas buscan reducir desigualdades y garantizar mayores oportunidades a estas personas y sus familias, bajo un enfoque de derechos, inversi\u00f3n social y dignidad humana.<\/p>\n<p>En la Rep\u00fablica Dominicanas unas 478 mil 300 personas de cinco a\u00f1os o m\u00e1s viven con alguna discapacidad, lo que representa el 4.8 por ciento de la poblaci\u00f3n, de acuerdo con los resultados del X Censo Nacional de Poblaci\u00f3n y Vivienda 2022, divulgados en 2023.<\/p>\n<p>El estudio establece que las dificultades visuales (50.5 por ciento) y de movilidad (49.0 por ciento) son las m\u00e1s frecuentes entre la poblaci\u00f3n con discapacidad, seguidas por limitaciones para o\u00edr, recordar o concentrarse.<\/p>\n<\/div>\n<\/div>\n<div class=\"elementor-element elementor-element-4f75016 elementor-widget elementor-widget-post-info\" data-id=\"4f75016\" data-element_type=\"widget\" data-e-type=\"widget\" data-widget_type=\"post-info.default\">\n<div class=\"elementor-widget-container\">\n<ul class=\"elementor-inline-items elementor-icon-list-items elementor-post-info\">\n<li class=\"elementor-icon-list-item elementor-repeater-item-17dda3e elementor-inline-item\"><span class=\"elementor-icon-list-text elementor-post-info__item elementor-post-info__item--type-custom\">#<em><a href=\"https:\/\/primermomento.com\/?p=465590\" rel=\"tag\">cuidado<\/a><\/em><\/span><\/li>\n<\/ul>\n<\/div>\n<\/div>\n","protected":false},"excerpt":{"rendered":"<p>Por Prensa Latina SANTO DOMINGO, Rep\u00fablica Dominicana.- La Direcci\u00f3n de Desarrollo Social Sup\u00e9rate de la Rep\u00fablica Dominicana gradu\u00f3 el primer Curso de Cuidados para Personas con Discapacidad, como parte del fortalecimiento de la pol\u00edtica de atenci\u00f3n a ese segmento de la poblaci\u00f3n, trascendi\u00f3 hoy. El curso fue impartido por el Instituto Nacional de Formaci\u00f3n T\u00e9cnico [&hellip;]<\/p>\n","protected":false},"author":1,"featured_media":465591,"comment_status":"open","ping_status":"open","sticky":false,"template":"","format":"standard","meta":{"_bbp_topic_count":0,"_bbp_reply_count":0,"_bbp_total_topic_count":0,"_bbp_total_reply_count":0,"_bbp_voice_count":0,"_bbp_anonymous_reply_count":0,"_bbp_topic_count_hidden":0,"_bbp_reply_count_hidden":0,"_bbp_forum_subforum_count":0,"footnotes":""},"categories":[30],"tags":[],"class_list":{"0":"post-465590","1":"post","2":"type-post","3":"status-publish","4":"format-standard","5":"has-post-thumbnail","7":"category-actualidad"},"_links":{"self":[{"href":"https:\/\/primermomento.com\/index.php?rest_route=\/wp\/v2\/posts\/465590","targetHints":{"allow":["GET"]}}],"collection":[{"href":"https:\/\/primermomento.com\/index.php?rest_route=\/wp\/v2\/posts"}],"about":[{"href":"https:\/\/primermomento.com\/index.php?rest_route=\/wp\/v2\/types\/post"}],"author":[{"embeddable":true,"href":"https:\/\/primermomento.com\/index.php?rest_route=\/wp\/v2\/users\/1"}],"replies":[{"embeddable":true,"href":"https:\/\/primermomento.com\/index.php?rest_route=%2Fwp%2Fv2%2Fcomments&post=465590"}],"version-history":[{"count":1,"href":"https:\/\/primermomento.com\/index.php?rest_route=\/wp\/v2\/posts\/465590\/revisions"}],"predecessor-version":[{"id":465592,"href":"https:\/\/primermomento.com\/index.php?rest_route=\/wp\/v2\/posts\/465590\/revisions\/465592"}],"wp:featuredmedia":[{"embeddable":true,"href":"https:\/\/primermomento.com\/index.php?rest_route=\/wp\/v2\/media\/465591"}],"wp:attachment":[{"href":"https:\/\/primermomento.com\/index.php?rest_route=%2Fwp%2Fv2%2Fmedia&parent=465590"}],"wp:term":[{"taxonomy":"category","embeddable":true,"href":"https:\/\/primermomento.com\/index.php?rest_route=%2Fwp%2Fv2%2Fcategories&post=465590"},{"taxonomy":"post_tag","embeddable":true,"href":"https:\/\/primermomento.com\/index.php?rest_route=%2Fwp%2Fv2%2Ftags&post=465590"}],"curies":[{"name":"wp","href":"https:\/\/api.w.org\/{rel}","templated":true}]}}