{"id":465599,"date":"2026-04-30T12:39:36","date_gmt":"2026-04-30T16:39:36","guid":{"rendered":"https:\/\/primermomento.com\/?p=465599"},"modified":"2026-04-30T13:45:29","modified_gmt":"2026-04-30T17:45:29","slug":"partido-dominicano-pct-analiza-impacto-en-la-region-de-crisis-global","status":"publish","type":"post","link":"https:\/\/primermomento.com\/?p=465599","title":{"rendered":"Partido dominicano PCT analiza impacto en la regi\u00f3n de crisis global"},"content":{"rendered":"<p><strong><em>Por <span style=\"color: #ff0000;\">Prensa Latina<\/span><\/em><\/strong><\/p>\n<p>SANTO DOMINGO, Rep\u00fablica Dominicana.- El Partido Comunista del Trabajo (PCT) de Rep\u00fablica Dominicana celebr\u00f3 hoy el panel \u201cSituaci\u00f3n internacional y el contexto de Am\u00e9rica Latina y el Caribe\u201d, en el que reafirm\u00f3 el principio de no intervenci\u00f3n y la autodeterminaci\u00f3n de los pueblos.<\/p>\n<div class=\"elementor-element elementor-element-0aea3a0 elementor-widget elementor-widget-theme-post-content\" data-id=\"0aea3a0\" data-element_type=\"widget\" data-e-type=\"widget\" data-widget_type=\"theme-post-content.default\">\n<div class=\"elementor-widget-container\">\n<p>La actividad, efectuada en el Sal\u00f3n de los Pasados Presidentes del Colegio M\u00e9dico Dominicano, cont\u00f3 con la participaci\u00f3n del doctor \u00c1ngel Veras, experto en Derecho Internacional, y del polit\u00f3logo Elvin Calca\u00f1o, quienes analizaron los principales conflictos geopol\u00edticos, sus efectos en Am\u00e9rica Latina y el Caribe, y los desaf\u00edos para la Rep\u00fablica Dominicana en el actual escenario global.<\/p>\n<p>El secretario general del PCT, Aquiles Castro, explic\u00f3 que este espacio forma parte de los esfuerzos de la organizaci\u00f3n por promover el debate pol\u00edtico, la formaci\u00f3n cr\u00edtica y el an\u00e1lisis de la realidad mundial desde una perspectiva antiimperialista y latinoamericanista.<\/p>\n<p>\u00c1ngel Veras advirti\u00f3 que el mundo atraviesa un proceso de reacomodo marcado por guerras, bloqueos, sanciones y nuevas formas de intervenci\u00f3n imperialista contra pueblos soberanos como Venezuela, Ir\u00e1n y Cuba.<\/p>\n<p>Asimismo, reafirm\u00f3 la defensa del PCT al principio de no intervenci\u00f3n, la autodeterminaci\u00f3n de los pueblos y la paz mundial, llamando a fortalecer la solidaridad internacionalista frente al avance del neofascismo y las agresiones de Estados Unidos y sus aliados.<\/p>\n<p>El partido record\u00f3 adem\u00e1s que la crisis en el Golfo P\u00e9rsico y la agresi\u00f3n contra Ir\u00e1n representan una amenaza para la paz mundial y la estabilidad econ\u00f3mica de los pa\u00edses pobres y dependientes, como la Rep\u00fablica Dominicana.<\/p>\n<p>Seg\u00fan el PCT, una escalada b\u00e9lica en esa zona provocar\u00eda aumentos significativos en los combustibles, mayor inflaci\u00f3n y un deterioro de las condiciones de vida de la clase trabajadora, que terminar\u00eda pagando las consecuencias de una guerra ajena.<\/p>\n<\/div>\n<\/div>\n<div class=\"elementor-element elementor-element-4f75016 elementor-widget elementor-widget-post-info\" data-id=\"4f75016\" data-element_type=\"widget\" data-e-type=\"widget\" data-widget_type=\"post-info.default\">\n<div class=\"elementor-widget-container\">\n<ul class=\"elementor-inline-items elementor-icon-list-items elementor-post-info\">\n<li class=\"elementor-icon-list-item elementor-repeater-item-17dda3e elementor-inline-item\"><em><span class=\"elementor-icon-list-text elementor-post-info__item elementor-post-info__item--type-custom\">#<a href=\"https:\/\/primermomento.com\/?p=465599\" rel=\"tag\">impacto Am\u00e9rica Latina<\/a>\u00a0#<a href=\"https:\/\/primermomento.com\/?p=465599\" rel=\"tag\">panel situaci\u00f3n internacional<\/a>\u00a0#<a href=\"https:\/\/primermomento.com\/?p=465599\" rel=\"tag\">pct<\/a><\/span><\/em><\/li>\n<\/ul>\n<\/div>\n<\/div>\n","protected":false},"excerpt":{"rendered":"<p>Por Prensa Latina SANTO DOMINGO, Rep\u00fablica Dominicana.- El Partido Comunista del Trabajo (PCT) de Rep\u00fablica Dominicana celebr\u00f3 hoy el panel \u201cSituaci\u00f3n internacional y el contexto de Am\u00e9rica Latina y el Caribe\u201d, en el que reafirm\u00f3 el principio de no intervenci\u00f3n y la autodeterminaci\u00f3n de los pueblos. La actividad, efectuada en el Sal\u00f3n de los Pasados [&hellip;]<\/p>\n","protected":false},"author":1,"featured_media":465600,"comment_status":"open","ping_status":"open","sticky":false,"template":"","format":"standard","meta":{"_bbp_topic_count":0,"_bbp_reply_count":0,"_bbp_total_topic_count":0,"_bbp_total_reply_count":0,"_bbp_voice_count":0,"_bbp_anonymous_reply_count":0,"_bbp_topic_count_hidden":0,"_bbp_reply_count_hidden":0,"_bbp_forum_subforum_count":0,"footnotes":""},"categories":[30],"tags":[],"class_list":{"0":"post-465599","1":"post","2":"type-post","3":"status-publish","4":"format-standard","5":"has-post-thumbnail","7":"category-actualidad"},"_links":{"self":[{"href":"https:\/\/primermomento.com\/index.php?rest_route=\/wp\/v2\/posts\/465599","targetHints":{"allow":["GET"]}}],"collection":[{"href":"https:\/\/primermomento.com\/index.php?rest_route=\/wp\/v2\/posts"}],"about":[{"href":"https:\/\/primermomento.com\/index.php?rest_route=\/wp\/v2\/types\/post"}],"author":[{"embeddable":true,"href":"https:\/\/primermomento.com\/index.php?rest_route=\/wp\/v2\/users\/1"}],"replies":[{"embeddable":true,"href":"https:\/\/primermomento.com\/index.php?rest_route=%2Fwp%2Fv2%2Fcomments&post=465599"}],"version-history":[{"count":1,"href":"https:\/\/primermomento.com\/index.php?rest_route=\/wp\/v2\/posts\/465599\/revisions"}],"predecessor-version":[{"id":465601,"href":"https:\/\/primermomento.com\/index.php?rest_route=\/wp\/v2\/posts\/465599\/revisions\/465601"}],"wp:featuredmedia":[{"embeddable":true,"href":"https:\/\/primermomento.com\/index.php?rest_route=\/wp\/v2\/media\/465600"}],"wp:attachment":[{"href":"https:\/\/primermomento.com\/index.php?rest_route=%2Fwp%2Fv2%2Fmedia&parent=465599"}],"wp:term":[{"taxonomy":"category","embeddable":true,"href":"https:\/\/primermomento.com\/index.php?rest_route=%2Fwp%2Fv2%2Fcategories&post=465599"},{"taxonomy":"post_tag","embeddable":true,"href":"https:\/\/primermomento.com\/index.php?rest_route=%2Fwp%2Fv2%2Ftags&post=465599"}],"curies":[{"name":"wp","href":"https:\/\/api.w.org\/{rel}","templated":true}]}}