{"id":465605,"date":"2026-04-30T11:07:16","date_gmt":"2026-04-30T15:07:16","guid":{"rendered":"https:\/\/primermomento.com\/?p=465605"},"modified":"2026-04-30T15:16:40","modified_gmt":"2026-04-30T19:16:40","slug":"juramentaran-consejo-para-desarrollo-de-provincia-dominicana-peravia","status":"publish","type":"post","link":"https:\/\/primermomento.com\/?p=465605","title":{"rendered":"Juramentar\u00e1n Consejo para desarrollo de provincia dominicana Peravia"},"content":{"rendered":"<p><strong><em>Por <span style=\"color: #ff0000;\">Prensa Latina<\/span><\/em><\/strong><\/p>\n<p>BAN\u00cd, Rep\u00fablica Dominicana.- El senador por Peravia, Julio Fulcar, convoc\u00f3 para hoy el acto de juramentaci\u00f3n de la directiva del Consejo Estrat\u00e9gico de Desarrollo Sostenible que tendr\u00e1 a su cargo la ejecuci\u00f3n del Plan de impulso de esa provincia dominicana hasta 2055.<\/p>\n<div class=\"elementor-element elementor-element-0aea3a0 elementor-widget elementor-widget-theme-post-content\" data-id=\"0aea3a0\" data-element_type=\"widget\" data-e-type=\"widget\" data-widget_type=\"theme-post-content.default\">\n<div class=\"elementor-widget-container\">\n<p>La actividad se realizar\u00e1 a las 17:00, hora local, en el auditorio de la Universidad Aut\u00f3noma de Santo Domingo, recinto Ban\u00ed, y ser\u00e1 encabezada por la vicepresidenta de la Rep\u00fablica, Raquel Pe\u00f1a, con la participaci\u00f3n de alcaldes, autoridades provinciales, representantes del sector empresarial, la Iglesia y l\u00edderes sociales. Fulcar explic\u00f3 que, tras la presentaci\u00f3n del plan el pasado 24 de enero, se avanz\u00f3 en la conformaci\u00f3n de la estructura institucional que permitir\u00e1 su implementaci\u00f3n, culminando con la constituci\u00f3n de la asamblea y la designaci\u00f3n de una directiva que dirigir\u00e1 el consejo durante los pr\u00f3ximos tres a\u00f1os.<\/p>\n<p>\u201cEl Consejo Estrat\u00e9gico ser\u00e1 el \u00f3rgano responsable de articular los esfuerzos del gobierno, el sector empresarial y la sociedad civil, para garantizar la ejecuci\u00f3n efectiva de este proyecto que marcar\u00e1 el desarrollo de la provincia en los pr\u00f3ximos 30 a\u00f1os\u201d, expres\u00f3.<\/p>\n<p>El Plan de Desarrollo, concebido con una visi\u00f3n a largo plazo, constituye una herramienta para organizar, planificar y armonizar el crecimiento del territorio.<\/p>\n<p>El mismo contempla 54 proyectos estructurantes y 283 iniciativas de corto y mediano plazo, que ser\u00e1n ejecutadas mediante inversi\u00f3n p\u00fablica, gesti\u00f3n del sector privado y alianzas p\u00fablico-privadas.<\/p>\n<p>El senador destac\u00f3 que la iniciativa fue elaborada con un alto nivel de participaci\u00f3n y consenso, integrando a m\u00e1s de siete mil 500 personas en 27 mesas de trabajo, adem\u00e1s de m\u00faltiples encuentros con residentes en la provincia y la di\u00e1spora oriunda de esa localidad.<\/p>\n<p><em>#<a href=\"https:\/\/primermomento.com\/?p=465605\" rel=\"tag\">Peravia<\/a>\u00a0#<a href=\"https:\/\/primermomento.com\/?p=465605\" rel=\"tag\">Plan de desarrollo sostenible<\/a><\/em><\/p>\n<\/div>\n<\/div>\n","protected":false},"excerpt":{"rendered":"<p>Por Prensa Latina BAN\u00cd, Rep\u00fablica Dominicana.- El senador por Peravia, Julio Fulcar, convoc\u00f3 para hoy el acto de juramentaci\u00f3n de la directiva del Consejo Estrat\u00e9gico de Desarrollo Sostenible que tendr\u00e1 a su cargo la ejecuci\u00f3n del Plan de impulso de esa provincia dominicana hasta 2055. La actividad se realizar\u00e1 a las 17:00, hora local, en [&hellip;]<\/p>\n","protected":false},"author":1,"featured_media":465606,"comment_status":"open","ping_status":"open","sticky":false,"template":"","format":"standard","meta":{"_bbp_topic_count":0,"_bbp_reply_count":0,"_bbp_total_topic_count":0,"_bbp_total_reply_count":0,"_bbp_voice_count":0,"_bbp_anonymous_reply_count":0,"_bbp_topic_count_hidden":0,"_bbp_reply_count_hidden":0,"_bbp_forum_subforum_count":0,"footnotes":""},"categories":[38],"tags":[],"class_list":{"0":"post-465605","1":"post","2":"type-post","3":"status-publish","4":"format-standard","5":"has-post-thumbnail","7":"category-sociedad"},"_links":{"self":[{"href":"https:\/\/primermomento.com\/index.php?rest_route=\/wp\/v2\/posts\/465605","targetHints":{"allow":["GET"]}}],"collection":[{"href":"https:\/\/primermomento.com\/index.php?rest_route=\/wp\/v2\/posts"}],"about":[{"href":"https:\/\/primermomento.com\/index.php?rest_route=\/wp\/v2\/types\/post"}],"author":[{"embeddable":true,"href":"https:\/\/primermomento.com\/index.php?rest_route=\/wp\/v2\/users\/1"}],"replies":[{"embeddable":true,"href":"https:\/\/primermomento.com\/index.php?rest_route=%2Fwp%2Fv2%2Fcomments&post=465605"}],"version-history":[{"count":1,"href":"https:\/\/primermomento.com\/index.php?rest_route=\/wp\/v2\/posts\/465605\/revisions"}],"predecessor-version":[{"id":465607,"href":"https:\/\/primermomento.com\/index.php?rest_route=\/wp\/v2\/posts\/465605\/revisions\/465607"}],"wp:featuredmedia":[{"embeddable":true,"href":"https:\/\/primermomento.com\/index.php?rest_route=\/wp\/v2\/media\/465606"}],"wp:attachment":[{"href":"https:\/\/primermomento.com\/index.php?rest_route=%2Fwp%2Fv2%2Fmedia&parent=465605"}],"wp:term":[{"taxonomy":"category","embeddable":true,"href":"https:\/\/primermomento.com\/index.php?rest_route=%2Fwp%2Fv2%2Fcategories&post=465605"},{"taxonomy":"post_tag","embeddable":true,"href":"https:\/\/primermomento.com\/index.php?rest_route=%2Fwp%2Fv2%2Ftags&post=465605"}],"curies":[{"name":"wp","href":"https:\/\/api.w.org\/{rel}","templated":true}]}}