{"id":465608,"date":"2026-04-30T15:16:25","date_gmt":"2026-04-30T19:16:25","guid":{"rendered":"https:\/\/primermomento.com\/?p=465608"},"modified":"2026-04-30T18:24:25","modified_gmt":"2026-04-30T22:24:25","slug":"presidente-abinader-condecora-de-manera-postuma-al-expresidente-ulises-francisco-espaillat","status":"publish","type":"post","link":"https:\/\/primermomento.com\/?p=465608","title":{"rendered":"Presidente Abinader condecora de manera p\u00f3stuma al expresidente Ulises Francisco Espaillat"},"content":{"rendered":"<p><strong><em>Por<span style=\"color: #ff0000;\"> Servicios de Primermomento.com<\/span><\/em><\/strong><\/p>\n<p>SANTO DOMINGO, Rep\u00fablica Dominicana.- El presidente Luis Abinader\u00a0encabez\u00f3 el acto de conmemoraci\u00f3n del\u00a0150 aniversario del gobierno de\u00a0Ulises Francisco Espaillat, a quien calific\u00f3 como el mayor referente \u00e9tico de la naci\u00f3n dominicana y, adem\u00e1s, otorg\u00f3 de manera p\u00f3stuma, mediante el\u00a0Decreto 279-26, la condecoraci\u00f3n de la\u00a0Orden del M\u00e9rito de Duarte, S\u00e1nchez y Mella\u00a0en el Grado de Gran Cruz Placa de Oro.<\/p>\n<p>Esta distinci\u00f3n fue recibida en custodia por la\u00a0Academia Dominicana de la Historia, donde ser\u00e1 exhibida junto a otras reliquias institucionales.<\/p>\n<p>El acto se celebr\u00f3 hoy, 29 de abril,\u00a0D\u00eda Nacional de la \u00c9tica Ciudadana.<\/p>\n<p>Basado en el legado de pulcritud de Francisco Ulises Espaillat, el jefe de Estado destac\u00f3 que su gesti\u00f3n de Gobierno se desarrolla en una pr\u00e1ctica cotidiana de\u00a0honestidad e integridad\u00a0que fortalece el\u00a0ejercicio pol\u00edtico, la gesti\u00f3n p\u00fablica y la democracia, en favor de todos y todas, llevando transformaci\u00f3n, justicia y dignidad en tiempos en\u00a0\u201cque la ciudadan\u00eda exige, y con raz\u00f3n, instituciones que funcionen, Gobiernos que respondan y l\u00edderes que act\u00faen con coherencia\u201d.<\/p>\n<p>\u201cY es ah\u00ed donde el legado de Espaillat encuentra un eco directo en el presente. Cuando impulsamos una gesti\u00f3n p\u00fablica basada en la transparencia, cuando fortalecemos los mecanismos de rendici\u00f3n de cuentas, cuando defendemos la independencia del Ministerio P\u00fablico, y promovemos que la ley se aplique sin excepciones\u201d.<\/p>\n<p>Durante la ceremonia, el presidente\u00a0Abinader\u00a0recibi\u00f3 tambi\u00e9n, por el ministro de Cultura,\u00a0Roberto \u00c1ngel Salcedo, una\u00a0medalla conmemorativa\u00a0por el sesquicentenario del gobierno de Espaillat, un gesto que refuerza su compromiso con los\u00a0valores democr\u00e1ticos\u00a0y con la preservaci\u00f3n del patrimonio hist\u00f3rico nacional.<\/p>\n<p><strong>Preservaci\u00f3n del patrimonio hist\u00f3rico\u00a0<\/strong><\/p>\n<p>De su lado, el presidente de la Academia Dominicana de la Historia reconoci\u00f3 al mandatario Luis\u00a0Abinader\u00a0como \u201cuno de los estadistas dominicanos que m\u00e1s ha propiciado la preservaci\u00f3n del patrimonio hist\u00f3rico, construyendo un legado hermoso y de orgullo\u201d\u00a0y fortaleciendo as\u00ed la identidad nacional. En este contexto, resalt\u00f3 la rehabilitaci\u00f3n del\u00a0Museo Nacional de Historia y Geograf\u00eda, en la Plaza de la Cultura Juan Pablo Duarte; el de\u00a0Horacio V\u00e1zquez,\u00a0en Tamboril; el\u00a0Museo de Arte, en Santiago; la\u00a0Sala Memorial de\u00a0Mayobanex\u00a0Vargas, en Bonao; el\u00a0Museo del Oro y la Plata\u00a0de Cotu\u00ed; el\u00a0Museo de Historia y Tradiciones\u00a0de Santiago, as\u00ed como el proyectado recientemente,\u00a0Museo de la Gesta de Abril, entre otros.<\/p>\n<p><strong>Recordando legado de Espaillat\u00a0<\/strong><\/p>\n<p>Finalmente, el\u00a0ministro de Cultura, Roberto \u00c1ngel Salcedo, quien preside la Comisi\u00f3n para la Conmemoraci\u00f3n del sesquicentenario del gobierno de Ulises Francisco Espaillat, creada mediante el\u00a0Decreto 640-25, expres\u00f3 su satisfacci\u00f3n por el cumplimiento de los objetivos de\u00a0la misma, al desarrollar una serie de actividades que resaltan\u00a0la figura y legado de Ulises Francisco Espaillat.<\/p>\n<p>Cit\u00f3 entonces la reci\u00e9n finalizada\u00a0Feria Regional del Libro y la Cultura Cibao 2026,\u00a0que dedic\u00f3 gran parte de su\u00a0agenda cultural y program\u00e1tica\u00a0a la figura del expresidente, se impartieron charlas y conferencias ventilando los ideales de Espaillat y se imprimieron y distribuyeron varias obras alrededor de su pensamiento.<\/p>\n<p>En el acto tambi\u00e9n estuvieron presentes el ministro Administrativo de la Presidencia,\u00a0Andr\u00e9s Bautista, y la directora de \u00c9tica e Integridad Gubernamental,\u00a0Milagros Ortiz Bosch.<\/p>\n","protected":false},"excerpt":{"rendered":"<p>Por Servicios de Primermomento.com SANTO DOMINGO, Rep\u00fablica Dominicana.- El presidente Luis Abinader\u00a0encabez\u00f3 el acto de conmemoraci\u00f3n del\u00a0150 aniversario del gobierno de\u00a0Ulises Francisco Espaillat, a quien calific\u00f3 como el mayor referente \u00e9tico de la naci\u00f3n dominicana y, adem\u00e1s, otorg\u00f3 de manera p\u00f3stuma, mediante el\u00a0Decreto 279-26, la condecoraci\u00f3n de la\u00a0Orden del M\u00e9rito de Duarte, S\u00e1nchez y Mella\u00a0en [&hellip;]<\/p>\n","protected":false},"author":1,"featured_media":465609,"comment_status":"open","ping_status":"open","sticky":false,"template":"","format":"standard","meta":{"_bbp_topic_count":0,"_bbp_reply_count":0,"_bbp_total_topic_count":0,"_bbp_total_reply_count":0,"_bbp_voice_count":0,"_bbp_anonymous_reply_count":0,"_bbp_topic_count_hidden":0,"_bbp_reply_count_hidden":0,"_bbp_forum_subforum_count":0,"footnotes":""},"categories":[32],"tags":[],"class_list":{"0":"post-465608","1":"post","2":"type-post","3":"status-publish","4":"format-standard","5":"has-post-thumbnail","7":"category-lo-ultimo"},"_links":{"self":[{"href":"https:\/\/primermomento.com\/index.php?rest_route=\/wp\/v2\/posts\/465608","targetHints":{"allow":["GET"]}}],"collection":[{"href":"https:\/\/primermomento.com\/index.php?rest_route=\/wp\/v2\/posts"}],"about":[{"href":"https:\/\/primermomento.com\/index.php?rest_route=\/wp\/v2\/types\/post"}],"author":[{"embeddable":true,"href":"https:\/\/primermomento.com\/index.php?rest_route=\/wp\/v2\/users\/1"}],"replies":[{"embeddable":true,"href":"https:\/\/primermomento.com\/index.php?rest_route=%2Fwp%2Fv2%2Fcomments&post=465608"}],"version-history":[{"count":1,"href":"https:\/\/primermomento.com\/index.php?rest_route=\/wp\/v2\/posts\/465608\/revisions"}],"predecessor-version":[{"id":465610,"href":"https:\/\/primermomento.com\/index.php?rest_route=\/wp\/v2\/posts\/465608\/revisions\/465610"}],"wp:featuredmedia":[{"embeddable":true,"href":"https:\/\/primermomento.com\/index.php?rest_route=\/wp\/v2\/media\/465609"}],"wp:attachment":[{"href":"https:\/\/primermomento.com\/index.php?rest_route=%2Fwp%2Fv2%2Fmedia&parent=465608"}],"wp:term":[{"taxonomy":"category","embeddable":true,"href":"https:\/\/primermomento.com\/index.php?rest_route=%2Fwp%2Fv2%2Fcategories&post=465608"},{"taxonomy":"post_tag","embeddable":true,"href":"https:\/\/primermomento.com\/index.php?rest_route=%2Fwp%2Fv2%2Ftags&post=465608"}],"curies":[{"name":"wp","href":"https:\/\/api.w.org\/{rel}","templated":true}]}}