{"id":465611,"date":"2026-04-30T15:19:36","date_gmt":"2026-04-30T19:19:36","guid":{"rendered":"https:\/\/primermomento.com\/?p=465611"},"modified":"2026-04-30T15:19:36","modified_gmt":"2026-04-30T19:19:36","slug":"gabinete-de-mujeres-adolescentes-y-ninas-aprueba-plan-para-combatir-la-violencia-de-genero-en-el-pais","status":"publish","type":"post","link":"https:\/\/primermomento.com\/?p=465611","title":{"rendered":"Gabinete de Mujeres, Adolescentes y Ni\u00f1as aprueba plan para combatir la violencia de g\u00e9nero en el pa\u00eds"},"content":{"rendered":"<p dir=\"ltr\"><strong><em>Por <span style=\"color: #ff0000;\">Servicios de Primermomento.com<\/span><\/em><\/strong><\/p>\n<p dir=\"ltr\">SANTO DOMINGO, Rep\u00fablica Dominicana.- El Gabinete de Mujeres, Adolescentes y Ni\u00f1as\u00a0aprob\u00f3 el\u00a0Plan Estrat\u00e9gico por una Vida Libre de Violencia,\u00a0instrumento que articula la\u00a0acci\u00f3n del Estado\u00a0para prevenir y atender la\u00a0violencia contra las mujeres, adolescentes y ni\u00f1as, y que marca el inicio de una fase de\u00a0seguimiento\u00a0coordinado para su\u00a0implementaci\u00f3n\u00a0a nivel nacional.<\/p>\n<p dir=\"ltr\">Durante la sesi\u00f3n extraordinaria, encabezada por la ministra de la Mujer,\u00a0Gloria Reyes, y el ministro de Salud P\u00fablica y Asistencia Social, Dr.\u00a0V\u00edctor Atallah, se dejaron validados los aspectos necesarios para la puesta en marcha del plan, incluyendo la\u00a0priorizaci\u00f3n de\u00a0acciones, la conformaci\u00f3n de\u00a0comisiones t\u00e9cnicas\u00a0(mesas tem\u00e1ticas) y la definici\u00f3n de la\u00a0din\u00e1mica de trabajo\u00a0como mecanismo de\u00a0articulaci\u00f3n interinstitucional.<\/p>\n<p dir=\"ltr\">La ministra\u00a0Gloria Reyes\u00a0destac\u00f3 que la aprobaci\u00f3n representa un\u00a0paso decisivo\u00a0para consolidar la coordinaci\u00f3n del Estado:\u00a0\u201cHoy cerramos la aprobaci\u00f3n del plan y damos inicio a la din\u00e1mica de trabajo de las mesas t\u00e9cnicas, sobre la base de los aportes y ajustes presentados por las instituciones que integran este Gabinete\u201d, se\u00f1al\u00f3.<\/p>\n<p dir=\"ltr\">\u201cEl esp\u00edritu que gu\u00eda al Gabinete de Mujeres, Adolescentes y Ni\u00f1as es profundizar la articulaci\u00f3n interinstitucional y fortalecer la coordinaci\u00f3n efectiva entre los sectores clave del Estado, para garantizar una respuesta integral que proteja a las mujeres, adolescentes y ni\u00f1as en todo el territorio nacional\u201d,\u00a0destac\u00f3 la ministra.<\/p>\n<p dir=\"ltr\">En su intervenci\u00f3n, el ministro de Salud P\u00fablica y Asistencia Social, Dr.\u00a0V\u00edctor Atallah,\u00a0subray\u00f3 que desde el sector de salud se est\u00e1n fortaleciendo las acciones de\u00a0prevenci\u00f3n, con especial \u00e9nfasis en la\u00a0salud mental y la atenci\u00f3n primaria.\u00a0 Indic\u00f3 que se trabaja en protocolos de\u00a0tamizaje\u00a0para detectar\u00a0se\u00f1ales tempranas de violencia\u00a0para una\u00a0intervenci\u00f3n oportuna\u00a0y anunci\u00f3 el impulso de una\u00a0campa\u00f1a nacional de salud mental\u00a0que incluir\u00e1 un\u00a0componente espec\u00edfico sobre violencia contra mujeres, ni\u00f1as y adolescentes.<\/p>\n<p dir=\"ltr\">Las comisiones t\u00e9cnicas quedaron estructuradas en\u00a0mesas tem\u00e1ticas\u00a0con liderazgos claramente definidos:\u00a0Marco Legal y Normativo, coordinada por el Poder Judicial;\u00a0Prevenci\u00f3n y Sensibilizaci\u00f3n, bajo la responsabilidad del Ministerio de la Mujer;\u00a0Reparaci\u00f3n y Autonom\u00eda,\u00a0tambi\u00e9n liderada por el Ministerio de la Mujer;\u00a0Atenci\u00f3n y Respuesta Institucional, a cargo de la Procuradur\u00eda General de la Rep\u00fablica;\u00a0Datos, Monitoreo y Evaluaci\u00f3n, coordinada conjuntamente por la Oficina Nacional de Estad\u00edstica (ONE) y el Ministerio de la Mujer; y\u00a0Seguridad, Denuncia y Protecci\u00f3n, liderada por la Polic\u00eda Nacional.<\/p>\n<p dir=\"ltr\">Como parte de los pr\u00f3ximos pasos, las mesas t\u00e9cnicas\u00a0se reunir\u00e1n cada tres semanas,\u00a0mediante convocatoria coordinada por la Secretar\u00eda T\u00e9cnica, Direcci\u00f3n de Planificaci\u00f3n, para dar seguimiento a\u00a0acuerdos, avances, productos t\u00e9cnicos y tareas\u00a0vinculadas a la implementaci\u00f3n del plan, con el objetivo de garantizar una\u00a0respuesta integral y oportuna\u00a0en todo el pa\u00eds.<\/p>\n<p dir=\"ltr\">En la sesi\u00f3n participaron, el Ministerio de Educaci\u00f3n, la Procuradur\u00eda General de la Rep\u00fablica, el Ministerio de la Presidencia, el Ministerio de Salud P\u00fablica y Asistencia Social, la Polic\u00eda Nacional, la Oficina Nacional de Estad\u00edstica (ONE), el Servicio Nacional de Salud (SNS), el Ministerio de Interior y Polic\u00eda, el Ministerio de la Juventud, el Ministerio de Hacienda y Econom\u00eda, el Ministerio de Trabajo, el Consejo Nacional para la Ni\u00f1ez y la Adolescencia (Conani), la Universidad Aut\u00f3noma de Santo Domingo (UASD) y el Ministerio de Defensa.<\/p>\n<p dir=\"ltr\">Adem\u00e1s, estuvieron presentes el Poder Judicial, la Direcci\u00f3n Especializada de Atenci\u00f3n a la Mujer y Violencia Intrafamiliar (Deamvi), el Instituto Nacional de Formaci\u00f3n T\u00e9cnico Profesional (Infotep), el Sistema Nacional de Atenci\u00f3n a Emergencia y Seguridad 9-1-1, el Sistema \u00danico de Beneficiarios (Siuben), el Programa de Medicamentos Esenciales y Central de Apoyo Log\u00edstico (Promese\/CAL), el Ministerio de Deportes y Recreaci\u00f3n (Miderec), el Ministerio de la Vivienda y Edificaciones (Mived), Profamilia y el Fondo de Poblaci\u00f3n de las Naciones Unidas (UNFPA), entre otras instancias del Estado.<\/p>\n<p dir=\"ltr\">Se recuerda que el Gobierno dominicano estableci\u00f3, mediante el\u00a0Decreto N\u00fam. 1-21, la necesidad de fortalecer la\u00a0articulaci\u00f3n interinstitucional\u00a0para el\u00a0abordaje integral\u00a0de la violencia contra las mujeres, adolescentes y ni\u00f1as, reconociendo el Plan Estrat\u00e9gico por una Vida Libre de Violencia como el principal instrumento para coordinar las acciones de\u00a0prevenci\u00f3n, atenci\u00f3n y respuesta del Estado.<\/p>\n<p dir=\"ltr\">En ese sentido, se dispuso la creaci\u00f3n del Gabinete de Mujeres, Adolescentes y Ni\u00f1as como el\u00a0espacio principal adscrito al Ministerio de la Mujer, encargado de coordinar e impulsar la implementaci\u00f3n de este instrumento estrat\u00e9gico, con el objetivo de fortalecer la\u00a0respuesta institucional frente a esta problem\u00e1tica.<\/p>\n<p>La sesi\u00f3n concluy\u00f3 con la firme disposici\u00f3n del Ministerio de la Mujer de continuar fomentando\u00a0acciones coordinadas para la prevenci\u00f3n y atenci\u00f3n de la violencia, y de dar\u00a0seguimiento\u00a0a los acuerdos del Gabinete a trav\u00e9s de las mesas t\u00e9cnicas y los mecanismos de monitoreo establecidos en el plan.<\/p>\n","protected":false},"excerpt":{"rendered":"<p>Por Servicios de Primermomento.com SANTO DOMINGO, Rep\u00fablica Dominicana.- El Gabinete de Mujeres, Adolescentes y Ni\u00f1as\u00a0aprob\u00f3 el\u00a0Plan Estrat\u00e9gico por una Vida Libre de Violencia,\u00a0instrumento que articula la\u00a0acci\u00f3n del Estado\u00a0para prevenir y atender la\u00a0violencia contra las mujeres, adolescentes y ni\u00f1as, y que marca el inicio de una fase de\u00a0seguimiento\u00a0coordinado para su\u00a0implementaci\u00f3n\u00a0a nivel nacional. Durante la sesi\u00f3n extraordinaria, [&hellip;]<\/p>\n","protected":false},"author":1,"featured_media":465612,"comment_status":"open","ping_status":"open","sticky":false,"template":"","format":"standard","meta":{"_bbp_topic_count":0,"_bbp_reply_count":0,"_bbp_total_topic_count":0,"_bbp_total_reply_count":0,"_bbp_voice_count":0,"_bbp_anonymous_reply_count":0,"_bbp_topic_count_hidden":0,"_bbp_reply_count_hidden":0,"_bbp_forum_subforum_count":0,"footnotes":""},"categories":[30],"tags":[],"class_list":{"0":"post-465611","1":"post","2":"type-post","3":"status-publish","4":"format-standard","5":"has-post-thumbnail","7":"category-actualidad"},"_links":{"self":[{"href":"https:\/\/primermomento.com\/index.php?rest_route=\/wp\/v2\/posts\/465611","targetHints":{"allow":["GET"]}}],"collection":[{"href":"https:\/\/primermomento.com\/index.php?rest_route=\/wp\/v2\/posts"}],"about":[{"href":"https:\/\/primermomento.com\/index.php?rest_route=\/wp\/v2\/types\/post"}],"author":[{"embeddable":true,"href":"https:\/\/primermomento.com\/index.php?rest_route=\/wp\/v2\/users\/1"}],"replies":[{"embeddable":true,"href":"https:\/\/primermomento.com\/index.php?rest_route=%2Fwp%2Fv2%2Fcomments&post=465611"}],"version-history":[{"count":1,"href":"https:\/\/primermomento.com\/index.php?rest_route=\/wp\/v2\/posts\/465611\/revisions"}],"predecessor-version":[{"id":465613,"href":"https:\/\/primermomento.com\/index.php?rest_route=\/wp\/v2\/posts\/465611\/revisions\/465613"}],"wp:featuredmedia":[{"embeddable":true,"href":"https:\/\/primermomento.com\/index.php?rest_route=\/wp\/v2\/media\/465612"}],"wp:attachment":[{"href":"https:\/\/primermomento.com\/index.php?rest_route=%2Fwp%2Fv2%2Fmedia&parent=465611"}],"wp:term":[{"taxonomy":"category","embeddable":true,"href":"https:\/\/primermomento.com\/index.php?rest_route=%2Fwp%2Fv2%2Fcategories&post=465611"},{"taxonomy":"post_tag","embeddable":true,"href":"https:\/\/primermomento.com\/index.php?rest_route=%2Fwp%2Fv2%2Ftags&post=465611"}],"curies":[{"name":"wp","href":"https:\/\/api.w.org\/{rel}","templated":true}]}}