{"id":465624,"date":"2026-04-30T17:22:28","date_gmt":"2026-04-30T21:22:28","guid":{"rendered":"https:\/\/primermomento.com\/?p=465624"},"modified":"2026-04-30T18:24:59","modified_gmt":"2026-04-30T22:24:59","slug":"condenan-a-30-anos-de-prision-a-un-adulto-mayor-por-tentativa-de-asesinato-y-violencia-de-genero","status":"publish","type":"post","link":"https:\/\/primermomento.com\/?p=465624","title":{"rendered":"Condenan a 30 a\u00f1os de prisi\u00f3n a un adulto mayor por tentativa de asesinato y violencia de g\u00e9nero"},"content":{"rendered":"<p><strong><em>Por <span style=\"color: #ff0000;\">Servicios de Primermomento.com<\/span><\/em><\/strong><\/p>\n<p>SANTO DOMINGO, Rep\u00fablica Dominicana.- Basando su decisi\u00f3n en m\u00faltiples elementos de pruebas presentados por el Ministerio P\u00fablico, el Tercer Tribunal Colegiado de Santiago conden\u00f3 a la pena m\u00e1xima de 30 a\u00f1os de prisi\u00f3n a un adulto mayor que cometi\u00f3 tentativa de asesinato y violencia de g\u00e9nero e intrafamiliar agravada, en perjuicio de su expareja sentimental.<\/p>\n<p>Nicol\u00e1s Su\u00e1rez (Col\u00e1), de 76 a\u00f1os de edad, viol\u00f3 los art\u00edculos 2, 296, 297, 298 y 302 del C\u00f3digo Penal Dominicano, lo que constituye tentativa de asesinato; adem\u00e1s, transgredi\u00f3 los art\u00edculos 309-1, 309-2 y 309-3, literales A, B, C, D y E, del C\u00f3digo Penal Dominicano, modificado por la Ley 24-97, consistente en violencia de g\u00e9nero e intrafamiliar agravada.<\/p>\n<p>Los hechos ocurrieron en julio del a\u00f1o 2024 cuando el hoy condenado lleg\u00f3 a la residencia de la v\u00edctima, preguntando d\u00f3nde se encontraba.<\/p>\n<p>Se qued\u00f3 all\u00ed en espera de la v\u00edctima, quien lleg\u00f3 a su residencia poco tiempo despu\u00e9s, y de manera sorpresiva, con un arma blanca en manos, atac\u00f3 a la mujer por la espalda, provoc\u00e1ndole una herida en el cuello.<\/p>\n<p>En su intento por quitarle la vida intentaba, adem\u00e1s, cortarle una oreja.<\/p>\n<p>Ante los gritos de la mujer, un nieto sali\u00f3 de una habitaci\u00f3n y junto a un vecino lograron socorrerla. La acusaci\u00f3n refiere que, presentando un sangrado abundante, la mujer fue conducida en estado grave a un hospital cercano, donde se debati\u00f3 entre la vida y la muerte, de acuerdo con los reportes m\u00e9dico-forenses y evaluaciones recurrentes que se le practicaron.<\/p>\n<p>El hombre fue puesto bajo arresto flagrante. El Ministerio P\u00fablico inici\u00f3 la recolecci\u00f3n de testimonios, documentos, y otras diligencias y pericias, encontr\u00e1ndose un sinn\u00famero de evidencias que vinculaban al procesado a una reiterada conducta violenta contra su expareja y otros familiares.<\/p>\n<p>De acuerdo con los testimonios que fueron colectados como pruebas, la relaci\u00f3n sentimental entre la mujer y el victimario hab\u00eda terminado desde hac\u00eda 20 a\u00f1os. Fruto del constante hostigamiento, vigilancia, violencia, persecuci\u00f3n, tentativas de golpes y otras agresiones, un menor de edad que prest\u00f3 su testimonio en el proceso, present\u00f3 s\u00edntomas emocionales relacionados a este ambiente de violencia, conforme a evaluaciones que le fueron practicadas.<\/p>\n<p>Al pliego de pruebas que fueron aportadas, se le incluyeron los informes de psicolog\u00eda cl\u00ednica forenses, del Instituto Nacional de Ciencias Forenses (Inacif), que detalla que la v\u00edctima desarroll\u00f3 un trastorno de ansiedad moderada, por el maltrato f\u00edsico, psicol\u00f3gico y emocional, celos, control, difamaci\u00f3n y amenazas de muerte e intento de asesinato en su contra por parte del acusado.<\/p>\n<p>El \u00f3rgano acusador motiv\u00f3 su solicitud a la imposici\u00f3n de la pena m\u00e1xima al procesado con base en la sentencia TC\/0349\/22, del Tribunal Constitucional, sobre El Derecho de la V\u00edctima como Rango Constitucional, la cual establece respecto a la igualdad procesal: que existe una \u201csituaci\u00f3n de desigualdad\u201d cuando se privilegian excesivamente las garant\u00edas del imputado frente a la desprotecci\u00f3n de la v\u00edctima.<\/p>\n","protected":false},"excerpt":{"rendered":"<p>Por Servicios de Primermomento.com SANTO DOMINGO, Rep\u00fablica Dominicana.- Basando su decisi\u00f3n en m\u00faltiples elementos de pruebas presentados por el Ministerio P\u00fablico, el Tercer Tribunal Colegiado de Santiago conden\u00f3 a la pena m\u00e1xima de 30 a\u00f1os de prisi\u00f3n a un adulto mayor que cometi\u00f3 tentativa de asesinato y violencia de g\u00e9nero e intrafamiliar agravada, en perjuicio [&hellip;]<\/p>\n","protected":false},"author":1,"featured_media":423156,"comment_status":"open","ping_status":"open","sticky":false,"template":"","format":"standard","meta":{"_bbp_topic_count":0,"_bbp_reply_count":0,"_bbp_total_topic_count":0,"_bbp_total_reply_count":0,"_bbp_voice_count":0,"_bbp_anonymous_reply_count":0,"_bbp_topic_count_hidden":0,"_bbp_reply_count_hidden":0,"_bbp_forum_subforum_count":0,"footnotes":""},"categories":[30],"tags":[],"class_list":{"0":"post-465624","1":"post","2":"type-post","3":"status-publish","4":"format-standard","5":"has-post-thumbnail","7":"category-actualidad"},"_links":{"self":[{"href":"https:\/\/primermomento.com\/index.php?rest_route=\/wp\/v2\/posts\/465624","targetHints":{"allow":["GET"]}}],"collection":[{"href":"https:\/\/primermomento.com\/index.php?rest_route=\/wp\/v2\/posts"}],"about":[{"href":"https:\/\/primermomento.com\/index.php?rest_route=\/wp\/v2\/types\/post"}],"author":[{"embeddable":true,"href":"https:\/\/primermomento.com\/index.php?rest_route=\/wp\/v2\/users\/1"}],"replies":[{"embeddable":true,"href":"https:\/\/primermomento.com\/index.php?rest_route=%2Fwp%2Fv2%2Fcomments&post=465624"}],"version-history":[{"count":1,"href":"https:\/\/primermomento.com\/index.php?rest_route=\/wp\/v2\/posts\/465624\/revisions"}],"predecessor-version":[{"id":465625,"href":"https:\/\/primermomento.com\/index.php?rest_route=\/wp\/v2\/posts\/465624\/revisions\/465625"}],"wp:featuredmedia":[{"embeddable":true,"href":"https:\/\/primermomento.com\/index.php?rest_route=\/wp\/v2\/media\/423156"}],"wp:attachment":[{"href":"https:\/\/primermomento.com\/index.php?rest_route=%2Fwp%2Fv2%2Fmedia&parent=465624"}],"wp:term":[{"taxonomy":"category","embeddable":true,"href":"https:\/\/primermomento.com\/index.php?rest_route=%2Fwp%2Fv2%2Fcategories&post=465624"},{"taxonomy":"post_tag","embeddable":true,"href":"https:\/\/primermomento.com\/index.php?rest_route=%2Fwp%2Fv2%2Ftags&post=465624"}],"curies":[{"name":"wp","href":"https:\/\/api.w.org\/{rel}","templated":true}]}}