{"id":465627,"date":"2026-04-30T16:25:03","date_gmt":"2026-04-30T20:25:03","guid":{"rendered":"https:\/\/primermomento.com\/?p=465627"},"modified":"2026-04-30T18:27:35","modified_gmt":"2026-04-30T22:27:35","slug":"solicita-prision-preventiva-contra-cinco-jovenes-detenidos-por-caso-de-crueldad-animal","status":"publish","type":"post","link":"https:\/\/primermomento.com\/?p=465627","title":{"rendered":"Solicita prisi\u00f3n preventiva contra cinco j\u00f3venes detenidos por caso de crueldad animal"},"content":{"rendered":"<p><strong><em>Por <span style=\"color: #ff0000;\">Servicios de Primermomento.com<\/span><\/em><\/strong><\/p>\n<p>SANTO DOMINGO, Rep\u00fablica Dominicana.- El Ministerio P\u00fablico solicit\u00f3 prisi\u00f3n preventiva para dos j\u00f3venes y el env\u00edo a un centro de rehabilitaci\u00f3n para tres menores detenidos por rociar una sustancia inflamable y prenderle fuego a un gato al que ocasionaron quemaduras, en un hecho ocurrido en el sector El Majagual, de Sabana Perdida, en Santo Domingo Norte.<\/p>\n<p>Por el caso fueron detenidos Dariel Guzm\u00e1n Silva, de 23 a\u00f1os de edad, y Obie Jim\u00e9nez Zabala, de 21 a\u00f1os, as\u00ed como otros tres adolescentes de 16 a\u00f1os de edad, quienes son imputados de violar los art\u00edculos 17, 18, 19, 60.9 y 61.15 de la Ley No. 248-12 sobre Protecci\u00f3n Animal y Tenencia Responsable, que tipifican la crueldad animal.<\/p>\n<p>Los detenidos son se\u00f1alados como autores de haberle rociado la sustancia inflamable al gato (presumiblemente gasolina) y luego prenderle fuego, ocasion\u00e1ndole quemaduras en el cuerpo, seg\u00fan se observa en un v\u00eddeo que circula en las redes sociales, el cual forma parte de las evidencias del caso.<\/p>\n<p>La enlace nacional de Protecci\u00f3n Animal del Ministerio P\u00fablico, Roxanna Reyes Acosta, dijo que los cinco imputados est\u00e1n bajo custodia para ser presentados ante los tribunales correspondientes.<\/p>\n<p>Explic\u00f3 que los adultos ser\u00e1n sometidos a la justicia v\u00eda la jurisdicci\u00f3n ordinaria ante un tribunal de Santo Domingo Este y que a los menores de edad se le solicitar\u00e1 la imposici\u00f3n de medidas cautelares ante la jurisdicci\u00f3n de ni\u00f1os, ni\u00f1as y adolescentes.<\/p>\n<p>En coordinaci\u00f3n con la enlace nacional de Protecci\u00f3n Animal del Ministerio P\u00fablico, la investigaci\u00f3n es realizada por la fiscal Iluminada G\u00f3mez, de la Fiscal\u00eda Comunitaria de Sabana Perdida, en Santo Domingo Norte.<\/p>\n<p>Luego de la circulaci\u00f3n del v\u00eddeo, agentes del Departamento de Protecci\u00f3n Animal y Medio Ambiente de la Polic\u00eda Nacional arrestaron a los involucrados en el acto de crueldad animal. En las labores tambi\u00e9n participaron agentes de la Polic\u00eda Preventiva. El caso ocurri\u00f3 a final del pasado a\u00f1o 2025.<\/p>\n<p>La instancia con la solicitud de medida de coerci\u00f3n fue depositada la ma\u00f1ana de este jueves ante la Oficina Coordinadora de los Juzgados de la Instrucci\u00f3n de Santo Domingo Este.<\/p>\n","protected":false},"excerpt":{"rendered":"<p>Por Servicios de Primermomento.com SANTO DOMINGO, Rep\u00fablica Dominicana.- El Ministerio P\u00fablico solicit\u00f3 prisi\u00f3n preventiva para dos j\u00f3venes y el env\u00edo a un centro de rehabilitaci\u00f3n para tres menores detenidos por rociar una sustancia inflamable y prenderle fuego a un gato al que ocasionaron quemaduras, en un hecho ocurrido en el sector El Majagual, de Sabana [&hellip;]<\/p>\n","protected":false},"author":1,"featured_media":465628,"comment_status":"open","ping_status":"open","sticky":false,"template":"","format":"standard","meta":{"_bbp_topic_count":0,"_bbp_reply_count":0,"_bbp_total_topic_count":0,"_bbp_total_reply_count":0,"_bbp_voice_count":0,"_bbp_anonymous_reply_count":0,"_bbp_topic_count_hidden":0,"_bbp_reply_count_hidden":0,"_bbp_forum_subforum_count":0,"footnotes":""},"categories":[30],"tags":[],"class_list":{"0":"post-465627","1":"post","2":"type-post","3":"status-publish","4":"format-standard","5":"has-post-thumbnail","7":"category-actualidad"},"_links":{"self":[{"href":"https:\/\/primermomento.com\/index.php?rest_route=\/wp\/v2\/posts\/465627","targetHints":{"allow":["GET"]}}],"collection":[{"href":"https:\/\/primermomento.com\/index.php?rest_route=\/wp\/v2\/posts"}],"about":[{"href":"https:\/\/primermomento.com\/index.php?rest_route=\/wp\/v2\/types\/post"}],"author":[{"embeddable":true,"href":"https:\/\/primermomento.com\/index.php?rest_route=\/wp\/v2\/users\/1"}],"replies":[{"embeddable":true,"href":"https:\/\/primermomento.com\/index.php?rest_route=%2Fwp%2Fv2%2Fcomments&post=465627"}],"version-history":[{"count":1,"href":"https:\/\/primermomento.com\/index.php?rest_route=\/wp\/v2\/posts\/465627\/revisions"}],"predecessor-version":[{"id":465629,"href":"https:\/\/primermomento.com\/index.php?rest_route=\/wp\/v2\/posts\/465627\/revisions\/465629"}],"wp:featuredmedia":[{"embeddable":true,"href":"https:\/\/primermomento.com\/index.php?rest_route=\/wp\/v2\/media\/465628"}],"wp:attachment":[{"href":"https:\/\/primermomento.com\/index.php?rest_route=%2Fwp%2Fv2%2Fmedia&parent=465627"}],"wp:term":[{"taxonomy":"category","embeddable":true,"href":"https:\/\/primermomento.com\/index.php?rest_route=%2Fwp%2Fv2%2Fcategories&post=465627"},{"taxonomy":"post_tag","embeddable":true,"href":"https:\/\/primermomento.com\/index.php?rest_route=%2Fwp%2Fv2%2Ftags&post=465627"}],"curies":[{"name":"wp","href":"https:\/\/api.w.org\/{rel}","templated":true}]}}