{"id":465639,"date":"2026-05-01T06:41:15","date_gmt":"2026-05-01T10:41:15","guid":{"rendered":"https:\/\/primermomento.com\/?p=465639"},"modified":"2026-05-01T06:41:15","modified_gmt":"2026-05-01T10:41:15","slug":"convocan-marcha-nacional-en-dominicana-por-derechos-laborales","status":"publish","type":"post","link":"https:\/\/primermomento.com\/?p=465639","title":{"rendered":"Convocan marcha nacional en Dominicana por derechos laborales"},"content":{"rendered":"<p><strong><em>Por <span style=\"color: #ff0000;\">Prensa Latina<\/span><\/em><\/strong><\/p>\n<p>SANTO DOMINGO, Rep\u00fablica Dominicana.- El Comit\u00e9 Unitario 1ro. de Mayo Sindical y Popular anunci\u00f3 la realizaci\u00f3n hoy de una marcha nacional, en conmemoraci\u00f3n del D\u00eda Internacional de los Trabajadores y en defensa de los derechos laborales de los dominicanos.<\/p>\n<div class=\"elementor-element elementor-element-0aea3a0 elementor-widget elementor-widget-theme-post-content\" data-id=\"0aea3a0\" data-element_type=\"widget\" data-e-type=\"widget\" data-widget_type=\"theme-post-content.default\">\n<div class=\"elementor-widget-container\">\n<p>La movilizaci\u00f3n iniciar\u00e1 a las 10:00, hora local, desde la plaza Mauricio B\u00e1ez, en la avenida San Mart\u00edn esquina Leopoldo Navarro, y concluir\u00e1 frente al Palacio Nacional, donde ser\u00e1 le\u00edda la proclama del 1 de mayo.<\/p>\n<p>El presidente de la Asociaci\u00f3n Dominicana de Profesores (ADP), Eduardo Hidalgo, afirm\u00f3 que la jornada se desarrollar\u00e1 en un contexto de deterioro del poder adquisitivo y vulneraci\u00f3n de derechos laborales.<\/p>\n<p>Se\u00f1al\u00f3 como principales preocupaciones el debilitamiento del salario real, las violaciones a la libertad sindical, el retraso en la reforma del Sistema de Seguridad Social y las amenazas de la cesant\u00eda.<\/p>\n<p>El Comit\u00e9 convocante agrupa a organizaciones sindicales, populares y profesionales como la ADP, la Asociaci\u00f3n Nacional de Profesionales Agropecuarios, la Uni\u00f3n Clasista de Trabajadores, la Federaci\u00f3n de Profesores de la Universidad Aut\u00f3noma de Santo Domingo y el Colegio de Abogados, entre otras.<\/p>\n<p>Entre las demandas figuran la indexaci\u00f3n de los salarios al costo de la vida, la revisi\u00f3n de exenciones fiscales, la reducci\u00f3n del impuesto en bienes esenciales y el rechazo a la cesant\u00eda.<\/p>\n<p>En la Rep\u00fablica Dominicana, a diferencia de lo que ocurre en la mayor\u00eda de los pa\u00edses donde los feriados se mantienen en su fecha original, es com\u00fan que algunos d\u00edas festivos se \u201ctrasladen\u201d a otra jornada, como en este caso del D\u00eda del Trabajo.<\/p>\n<p>Esto responde a la aplicaci\u00f3n de la Ley 139-97, que busca concentrar ciertos feriados en d\u00edas lunes para crear fines de semana largos.<\/p>\n<p>Sin embargo, esta pr\u00e1ctica tambi\u00e9n genera diferencias con el calendario internacional, donde fechas como el 1 de mayo suelen mantenerse invariables por su valor hist\u00f3rico y conmemorativo.<\/p>\n<p>Al respecto, el ministerio de Trabajo reiter\u00f3 que este viernes es laborable y el feriado se mueve para el 4 de mayo.<\/p>\n<p>No obstante, varias organizaciones convocaron a marchas por la defensa de los derechos de los trabajadores.<\/p>\n<\/div>\n<\/div>\n<div class=\"elementor-element elementor-element-4f75016 elementor-widget elementor-widget-post-info\" data-id=\"4f75016\" data-element_type=\"widget\" data-e-type=\"widget\" data-widget_type=\"post-info.default\">\n<div class=\"elementor-widget-container\">\n<ul class=\"elementor-inline-items elementor-icon-list-items elementor-post-info\">\n<li class=\"elementor-icon-list-item elementor-repeater-item-17dda3e elementor-inline-item\"><em><span class=\"elementor-icon-list-text elementor-post-info__item elementor-post-info__item--type-custom\">#<a href=\"https:\/\/primermomento.com\/?p=465639\" rel=\"tag\">feriado<\/a>\u00a0#<a href=\"https:\/\/primermomento.com\/?p=465639\" rel=\"tag\">marchas<\/a><\/span><\/em><\/li>\n<\/ul>\n<\/div>\n<\/div>\n","protected":false},"excerpt":{"rendered":"<p>Por Prensa Latina SANTO DOMINGO, Rep\u00fablica Dominicana.- El Comit\u00e9 Unitario 1ro. de Mayo Sindical y Popular anunci\u00f3 la realizaci\u00f3n hoy de una marcha nacional, en conmemoraci\u00f3n del D\u00eda Internacional de los Trabajadores y en defensa de los derechos laborales de los dominicanos. La movilizaci\u00f3n iniciar\u00e1 a las 10:00, hora local, desde la plaza Mauricio B\u00e1ez, [&hellip;]<\/p>\n","protected":false},"author":1,"featured_media":465640,"comment_status":"open","ping_status":"open","sticky":false,"template":"","format":"standard","meta":{"_bbp_topic_count":0,"_bbp_reply_count":0,"_bbp_total_topic_count":0,"_bbp_total_reply_count":0,"_bbp_voice_count":0,"_bbp_anonymous_reply_count":0,"_bbp_topic_count_hidden":0,"_bbp_reply_count_hidden":0,"_bbp_forum_subforum_count":0,"footnotes":""},"categories":[30],"tags":[],"class_list":{"0":"post-465639","1":"post","2":"type-post","3":"status-publish","4":"format-standard","5":"has-post-thumbnail","7":"category-actualidad"},"_links":{"self":[{"href":"https:\/\/primermomento.com\/index.php?rest_route=\/wp\/v2\/posts\/465639","targetHints":{"allow":["GET"]}}],"collection":[{"href":"https:\/\/primermomento.com\/index.php?rest_route=\/wp\/v2\/posts"}],"about":[{"href":"https:\/\/primermomento.com\/index.php?rest_route=\/wp\/v2\/types\/post"}],"author":[{"embeddable":true,"href":"https:\/\/primermomento.com\/index.php?rest_route=\/wp\/v2\/users\/1"}],"replies":[{"embeddable":true,"href":"https:\/\/primermomento.com\/index.php?rest_route=%2Fwp%2Fv2%2Fcomments&post=465639"}],"version-history":[{"count":1,"href":"https:\/\/primermomento.com\/index.php?rest_route=\/wp\/v2\/posts\/465639\/revisions"}],"predecessor-version":[{"id":465641,"href":"https:\/\/primermomento.com\/index.php?rest_route=\/wp\/v2\/posts\/465639\/revisions\/465641"}],"wp:featuredmedia":[{"embeddable":true,"href":"https:\/\/primermomento.com\/index.php?rest_route=\/wp\/v2\/media\/465640"}],"wp:attachment":[{"href":"https:\/\/primermomento.com\/index.php?rest_route=%2Fwp%2Fv2%2Fmedia&parent=465639"}],"wp:term":[{"taxonomy":"category","embeddable":true,"href":"https:\/\/primermomento.com\/index.php?rest_route=%2Fwp%2Fv2%2Fcategories&post=465639"},{"taxonomy":"post_tag","embeddable":true,"href":"https:\/\/primermomento.com\/index.php?rest_route=%2Fwp%2Fv2%2Ftags&post=465639"}],"curies":[{"name":"wp","href":"https:\/\/api.w.org\/{rel}","templated":true}]}}