{"id":465642,"date":"2026-05-01T06:35:26","date_gmt":"2026-05-01T10:35:26","guid":{"rendered":"https:\/\/primermomento.com\/?p=465642"},"modified":"2026-05-01T06:43:54","modified_gmt":"2026-05-01T10:43:54","slug":"organizaciones-unen-fuerza-para-marcha-este-1-de-mayo-en-puerto-rico","status":"publish","type":"post","link":"https:\/\/primermomento.com\/?p=465642","title":{"rendered":"Organizaciones unen fuerza para marcha este 1 de Mayo en Puerto Rico"},"content":{"rendered":"<p><strong><em>Por <span style=\"color: #ff0000;\">Prensa Latina<\/span><\/em><\/strong><\/p>\n<p>San Juan, PUERTO RICO.- Organizaciones pol\u00edticas y sindicales marchar\u00e1n hoy para denunciar la base de los problemas que afectan a la clase trabajadora en Puerto Rico: el capitalismo y el colonialismo.<\/p>\n<div class=\"elementor-element elementor-element-0aea3a0 elementor-widget elementor-widget-theme-post-content\" data-id=\"0aea3a0\" data-element_type=\"widget\" data-e-type=\"widget\" data-widget_type=\"theme-post-content.default\">\n<div class=\"elementor-widget-container\">\n<p>\u201cPara resolver los problemas del pa\u00eds, necesitamos un Puerto Rico no colonial, con un sistema que responda a los intereses de la clase trabajadora, en donde la prioridad sean las necesidades de los trabajadores y trabajadoras y no las ganancias de una minor\u00eda propietaria\u201d.<\/p>\n<p>As\u00ed lo expres\u00f3 Jocelyn Vel\u00e1zquez, portavoz de Jornada Se Acabaron Las Promesas (JSALP).<\/p>\n<p>La dirigente, acompa\u00f1ada de Pedro Rivera, de Trabajadores y Estudiantes Comunistas por el Cambio Social (TECCS), y Carlos Vega, del Movimiento Independentista Nacional Hostosiano (MINH), precis\u00f3 que la marcha est\u00e1 programada para iniciar en horas de la ma\u00f1ana desde los portones de Plaza Las Am\u00e9ricas en la entrada por la Avenida Chard\u00f3n, hasta la sede de la Junta de Supervisi\u00f3n Fiscal (JSF), en la zona bancaria en Hato Rey.<\/p>\n<p>En la llamada Milla de Oro habr\u00e1 un acto pol\u00edtico con mensajes a cargo de representantes de diversas organizaciones, donde reconocer\u00e1n el car\u00e1cter pol\u00edtico de este d\u00eda, en el que recuerdan la lucha de trabajadores y trabajadoras en 1886 por una jornada laboral de 8 horas, que trasciende hasta nuestros d\u00edas.<\/p>\n<p>\u201cHoy esta lucha es m\u00e1s necesaria que nunca ante los 10 a\u00f1os de existencia de la dictatorial junta de control fiscal; la operaci\u00f3n racista antinmigrante de ICE de Estados Unidos y el uso del territorio de Puerto Rico para invadir pa\u00edses hermanos de Am\u00e9rica Latina\u201d, establecieron los dirigentes pol\u00edticos.<\/p>\n<p>Indicaron que todas estas son manifestaciones del colonialismo, aceptadas servilmente por el gobierno de Puerto Rico, que responde a los intereses del imperio y no al del pueblo trabajador puertorrique\u00f1o.<\/p>\n<p>Plantearon que la clase trabajadora contin\u00faa sufriendo la crisis social y econ\u00f3mica de un sistema que no responde a sus intereses.<\/p>\n<p>La violaci\u00f3n impune de los convenios colectivos negociados por los sindicatos, las medidas antiobreras promovidas por un sector de los due\u00f1os de negocios que indican el inter\u00e9s del sistema de eliminar derechos conquistados; y la lucha eterna de los trabajadores y estudiantes de la Universidad de Puerto Rico (UPR) por una instituci\u00f3n p\u00fablica y mejores condiciones laborales.<\/p>\n<p>\u201cEste sistema promueve la guerra, la explotaci\u00f3n desmedida de los recursos naturales, como es el caso (del proyecto residencial) Esencia en Cabo Rojo, y prioriza la b\u00fasqueda de ganancias a corto plazo y la acumulaci\u00f3n de capital. La producci\u00f3n de bienes y servicios no se fundamenta en las necesidades de los trabajadores y trabajadoras de Puerto Rico, sino en el enriquecimiento de la minor\u00eda due\u00f1a de los medios de producci\u00f3n\u201d, indicaron los portavoces.<\/p>\n<p>Hasta la guerra, seg\u00fan la JSALP, TECCS y el MINH, es un negocio que genera ganancias para esta minor\u00eda, mientras que los hijos e hijas de los trabajadores y trabajadoras son los que se env\u00edan a sacrificar sus vidas en las guerras imperialistas.<\/p>\n<p>\u201cEn a\u00f1os recientes, hemos observado c\u00f3mo el capitalismo estadounidense se ha vuelto m\u00e1s represivo para mantener el control ante la crisis econ\u00f3mica y social. Se han implementado medidas de corte fascista, como la persecuci\u00f3n de migrantes, la intervenci\u00f3n en las pol\u00edticas curriculares universitarias y la persecuci\u00f3n contra la prensa y el derecho a la informaci\u00f3n, medidas que se extienden a Puerto Rico debido a su condici\u00f3n colonial\u201d, remataron.<\/p>\n<p>A nivel internacional, la impunidad ante acciones contrarias al derecho internacional se ha manifestado con mayor fuerza con el brutal genocidio contra el pueblo palestino, el bombardeo de Ir\u00e1n por parte de Estados Unidos e Israel; el secuestro del presidente de Venezuela Nicol\u00e1s Maduro y el saqueo de los recursos naturales y riquezas de ese pa\u00eds.<\/p>\n<\/div>\n<\/div>\n<div class=\"elementor-element elementor-element-4f75016 elementor-widget elementor-widget-post-info\" data-id=\"4f75016\" data-element_type=\"widget\" data-e-type=\"widget\" data-widget_type=\"post-info.default\">\n<div class=\"elementor-widget-container\">\n<ul class=\"elementor-inline-items elementor-icon-list-items elementor-post-info\">\n<li class=\"elementor-icon-list-item elementor-repeater-item-17dda3e elementor-inline-item\"><em><span class=\"elementor-icon-list-text elementor-post-info__item elementor-post-info__item--type-custom\">#<a href=\"https:\/\/primermomento.com\/?p=465642\" rel=\"tag\">protesta<\/a>\u00a0#<a href=\"https:\/\/primermomento.com\/?p=465642\" rel=\"tag\">puertorico<\/a>\u00a0#<a href=\"https:\/\/primermomento.com\/?p=465642\" rel=\"tag\">trabajadores<\/a><\/span><\/em><\/li>\n<\/ul>\n<\/div>\n<\/div>\n","protected":false},"excerpt":{"rendered":"<p>Por Prensa Latina San Juan, PUERTO RICO.- Organizaciones pol\u00edticas y sindicales marchar\u00e1n hoy para denunciar la base de los problemas que afectan a la clase trabajadora en Puerto Rico: el capitalismo y el colonialismo. \u201cPara resolver los problemas del pa\u00eds, necesitamos un Puerto Rico no colonial, con un sistema que responda a los intereses de [&hellip;]<\/p>\n","protected":false},"author":1,"featured_media":465643,"comment_status":"open","ping_status":"open","sticky":false,"template":"","format":"standard","meta":{"_bbp_topic_count":0,"_bbp_reply_count":0,"_bbp_total_topic_count":0,"_bbp_total_reply_count":0,"_bbp_voice_count":0,"_bbp_anonymous_reply_count":0,"_bbp_topic_count_hidden":0,"_bbp_reply_count_hidden":0,"_bbp_forum_subforum_count":0,"footnotes":""},"categories":[30],"tags":[],"class_list":{"0":"post-465642","1":"post","2":"type-post","3":"status-publish","4":"format-standard","5":"has-post-thumbnail","7":"category-actualidad"},"_links":{"self":[{"href":"https:\/\/primermomento.com\/index.php?rest_route=\/wp\/v2\/posts\/465642","targetHints":{"allow":["GET"]}}],"collection":[{"href":"https:\/\/primermomento.com\/index.php?rest_route=\/wp\/v2\/posts"}],"about":[{"href":"https:\/\/primermomento.com\/index.php?rest_route=\/wp\/v2\/types\/post"}],"author":[{"embeddable":true,"href":"https:\/\/primermomento.com\/index.php?rest_route=\/wp\/v2\/users\/1"}],"replies":[{"embeddable":true,"href":"https:\/\/primermomento.com\/index.php?rest_route=%2Fwp%2Fv2%2Fcomments&post=465642"}],"version-history":[{"count":1,"href":"https:\/\/primermomento.com\/index.php?rest_route=\/wp\/v2\/posts\/465642\/revisions"}],"predecessor-version":[{"id":465644,"href":"https:\/\/primermomento.com\/index.php?rest_route=\/wp\/v2\/posts\/465642\/revisions\/465644"}],"wp:featuredmedia":[{"embeddable":true,"href":"https:\/\/primermomento.com\/index.php?rest_route=\/wp\/v2\/media\/465643"}],"wp:attachment":[{"href":"https:\/\/primermomento.com\/index.php?rest_route=%2Fwp%2Fv2%2Fmedia&parent=465642"}],"wp:term":[{"taxonomy":"category","embeddable":true,"href":"https:\/\/primermomento.com\/index.php?rest_route=%2Fwp%2Fv2%2Fcategories&post=465642"},{"taxonomy":"post_tag","embeddable":true,"href":"https:\/\/primermomento.com\/index.php?rest_route=%2Fwp%2Fv2%2Ftags&post=465642"}],"curies":[{"name":"wp","href":"https:\/\/api.w.org\/{rel}","templated":true}]}}